{"id":5288,"date":"2020-02-26T12:23:12","date_gmt":"2020-02-26T15:23:12","guid":{"rendered":"https:\/\/pinews.com.br\/?p=5288"},"modified":"2020-02-26T12:23:12","modified_gmt":"2020-02-26T15:23:12","slug":"jovem-morre-em-acidente-ao-retornar-do-carnaval-da-barragem-de-bocaina","status":"publish","type":"post","link":"https:\/\/pinews.com.br\/index.php\/2020\/02\/26\/jovem-morre-em-acidente-ao-retornar-do-carnaval-da-barragem-de-bocaina\/","title":{"rendered":"Jovem morre em acidente ao retornar do carnaval da Barragem de Bocaina"},"content":{"rendered":"\n<p><em>Foto: Reprodu\u00e7\u00e3o <\/em><\/p>\n\n\n\n<p style=\"text-align:justify\">Um grave acidente registrado na estrada que d\u00e1 acesso a Barragem de Bocaina, na noite desta ter\u00e7a-feira, 25 de fevereiro, vitimou fatalmente um jovem de 24 anos de idade, identificado como Israel Afonso Bezerra.<\/p>\n\n\n\n<figure class=\"wp-block-image\"><img decoding=\"async\" src=\"http:\/\/www.picos40graus.com.br\/userfiles\/images\/cd3a0a2f-f7bb-4416-90f6-7ecaf3a87f7e.jpg\" alt=\"\"\/><figcaption>Foto: Reprodu\u00e7\u00e3o <\/figcaption><\/figure>\n\n\n\n<p style=\"text-align:justify\"><br>De acordo a Pol\u00edcia Militar, o acidente ocorreu por volta das 23h30. A v\u00edtima seguia numa motocicleta em dire\u00e7\u00e3o \u00e0 Picos, quando foi colhida por um ve\u00edculo. O motorista fugiu e n\u00e3o prestou socorro.<\/p>\n\n\n\n<p style=\"text-align:justify\">Israel chegou a ser socorrido, mas n\u00e3o resistiu aos ferimentos. O mesmo residia em Picos e trabalhava em uma provedora de internet.<\/p>\n\n\n\n<figure class=\"wp-block-image\"><img decoding=\"async\" src=\"http:\/\/www.picos40graus.com.br\/userfiles\/images\/6f87bedc-3cd1-4e18-901a-b8813e05f6d4.jpg\" alt=\"\"\/><figcaption>Foto: Reprodu\u00e7\u00e3o <\/figcaption><\/figure>\n\n\n\n<p><strong>Fonte: Picos 40 Graus <\/strong><\/p>\n","protected":false},"excerpt":{"rendered":"<p>Foto: Reprodu\u00e7\u00e3o Um grave acidente registrado na estrada que d\u00e1 acesso a Barragem de Bocaina, na noite desta ter\u00e7a-feira, 25 de fevereiro, vitimou fatalmente um jovem de 24 anos de idade, identificado como Israel Afonso Bezerra. De acordo a Pol\u00edcia Militar, o acidente ocorreu por volta das 23h30. A v\u00edtima seguia numa motocicleta em dire\u00e7\u00e3o [&hellip;]<\/p>\n","protected":false},"author":1,"featured_media":5290,"comment_status":"open","ping_status":"open","sticky":false,"template":"","format":"standard","meta":{"beyondwords_generate_audio":"","beyondwords_project_id":"","beyondwords_podcast_id":"","beyondwords_hash":"","beyondwords_error_message":"","beyondwords_disabled":"","publish_post_to_speechkit":"","speechkit_generate_audio":"","speechkit_project_id":"","speechkit_podcast_id":"","speechkit_hash":"","speechkit_error_message":"","speechkit_disabled":"","speechkit_access_key":"","speechkit_error":"","speechkit_info":"","speechkit_response":"","speechkit_retries":"","_speechkit_link":"","_speechkit_text":""},"categories":[51],"tags":[176,279,745,309,266],"jetpack_featured_media_url":"","_links":{"self":[{"href":"https:\/\/pinews.com.br\/index.php\/wp-json\/wp\/v2\/posts\/5288"}],"collection":[{"href":"https:\/\/pinews.com.br\/index.php\/wp-json\/wp\/v2\/posts"}],"about":[{"href":"https:\/\/pinews.com.br\/index.php\/wp-json\/wp\/v2\/types\/post"}],"author":[{"embeddable":true,"href":"https:\/\/pinews.com.br\/index.php\/wp-json\/wp\/v2\/users\/1"}],"replies":[{"embeddable":true,"href":"https:\/\/pinews.com.br\/index.php\/wp-json\/wp\/v2\/comments?post=5288"}],"version-history":[{"count":0,"href":"https:\/\/pinews.com.br\/index.php\/wp-json\/wp\/v2\/posts\/5288\/revisions"}],"wp:featuredmedia":[{"embeddable":true,"href":"https:\/\/pinews.com.br\/index.php\/wp-json\/"}],"wp:attachment":[{"href":"https:\/\/pinews.com.br\/index.php\/wp-json\/wp\/v2\/media?parent=5288"}],"wp:term":[{"taxonomy":"category","embeddable":true,"href":"https:\/\/pinews.com.br\/index.php\/wp-json\/wp\/v2\/categories?post=5288"},{"taxonomy":"post_tag","embeddable":true,"href":"https:\/\/pinews.com.br\/index.php\/wp-json\/wp\/v2\/tags?post=5288"}],"curies":[{"name":"wp","href":"https:\/\/api.w.org\/{rel}","templated":true}]}}