{"id":52884,"date":"2023-09-11T21:40:26","date_gmt":"2023-09-12T00:40:26","guid":{"rendered":"https:\/\/pinews.com.br\/?p=52884"},"modified":"2023-09-11T21:40:27","modified_gmt":"2023-09-12T00:40:27","slug":"incendio-de-grande-proporcao-ameaca-fazendas-centenarias-no-norte-do-piaui","status":"publish","type":"post","link":"https:\/\/pinews.com.br\/index.php\/2023\/09\/11\/incendio-de-grande-proporcao-ameaca-fazendas-centenarias-no-norte-do-piaui\/","title":{"rendered":"Inc\u00eandio de grande propor\u00e7\u00e3o amea\u00e7a fazendas centen\u00e1rias no Norte do Piau\u00ed"},"content":{"rendered":"\n<p>Um inc\u00eandio de grande propor\u00e7\u00e3o atingiu o munic\u00edpio de Campo Maior, pr\u00f3ximo da divisa com Castelo do Piau\u00ed, Norte do estado, na manh\u00e3 desta segunda-feira (11). Segundo o comando do Corpo de Bombeiros, o fogo se alastrou rapidamente com o vento e a baixa umidade do ar e vem amea\u00e7ando fazendas centen\u00e1rias na regi\u00e3o.<\/p>\n\n\n\n<p>Ao g1, o tenente-coronel Eg\u00eddio Leite informou que o Corpo de Bombeiros foi acionado, no entanto, apesar da r\u00e1pida a\u00e7\u00e3o, o tempo seco dificulta o combate ao inc\u00eandio, principalmente porque est\u00e1 acontecendo em uma regi\u00e3o de pastagem onde \u00e9 mais f\u00e1cil ocorrer a propaga\u00e7\u00e3o.<\/p>\n\n\n\n<p>&#8220;Fomos acionados por volta das 10h, mas o fogo se espalhou rapidamente, pois estava nas fazendas hist\u00f3ricas, entre elas, a Fazenda Abelheiras. Como s\u00e3o fazendas que t\u00eam muitas pastagens, o fogo se espalhou para as fazendas vizinhas e causou uma enorme destrui\u00e7\u00e3o\u201d, afirmou.<\/p>\n\n\n\n<p>Em um v\u00eddeo, um morador<strong>&nbsp;<\/strong>registrou a devasta\u00e7\u00e3o causada pelo fogo, amea\u00e7ando tamb\u00e9m os animais. Ele afirmou que as estradas est\u00e3o totalmente interditadas e que nenhum ve\u00edculo consegue passar.<\/p>\n\n\n\n<p>O tenente-coronel informou que o Corpo de Bombeiros vem tentando controlar o fogo para n\u00e3o atingir os animais e que at\u00e9 o momento n\u00e3o se pode medir a \u00e1rea atingida.&nbsp;At\u00e9 o momento n\u00e3o se sabe a origem do inc\u00eandio.<\/p>\n\n\n\n<p>&#8220;Estamos trabalhando e at\u00e9 a noite esperamos controlar parte do fogo, \u00e9 um trabalho dif\u00edcil, n\u00e3o se sabe ao certo as dimens\u00f5es e nem a origem, pois com esse clima, tudo pode ter causado o in\u00edcio, desde o pr\u00f3prio calor, at\u00e9 mesmo uma pequena fogueira&#8221;, finalizou.<\/p>\n\n\n\n<h2>Fazenda Abelheiras<\/h2>\n\n\n\n<p>Uma das fazendas amea\u00e7adas pelo grande fogo \u00e9 a Fazenda Abelheiras, que est\u00e1 localizada no munic\u00edpio de Campo Maior, Norte do Piau\u00ed, e faz parte do<strong>&nbsp;<\/strong>Patrim\u00f4nio Cultural do Piau\u00ed definida pela Coordena\u00e7\u00e3o de Registro e Conserva\u00e7\u00e3o (CRC\/Secult).<\/p>\n\n\n\n<p>A fazenda foi fundada no final do s\u00e9culo XVII, considerada de grande import\u00e2ncia para a hist\u00f3ria do estado do Piau\u00ed, sua sede constru\u00edda em 1839, tendo mais de 180 anos de exist\u00eancia, \u00e9 uma das mais antigas propriedades rurais do Piau\u00ed.<\/p>\n\n\n\n<h2>Piau\u00ed j\u00e1 registrou mais de 3 mil focos de inc\u00eandio<\/h2>\n\n\n\n<p>Segundo dados do Instituto Nacional de Pesquisas Espaciais (Inpe),\u00a0at\u00e9 o m\u00eas de agosto, o estado do Piau\u00ed registou 3.274 focos de inc\u00eandio. A \u00faltima vez que o estado conseguiu n\u00fameros t\u00e3o alarmantes foi em 2018, quando foram registrados\u00a03.909 focos.<\/p>\n\n\n\n<p>Em 2023, segundo dados do Inpe, agosto foi o m\u00eas que mais registrou queimadas em todo o ano,\u00a0somente neste m\u00eas foram registrados 54% das ocorr\u00eancias\u00a0e\u00a0apenas no in\u00edcio do m\u00eas de setembro j\u00e1 foram registrados 1204 focos, cerca de 27% das ocorr\u00eancias de todo o ano.<\/p>\n\n\n\n<p>O Piau\u00ed enfrenta o in\u00edcio do per\u00edodo mais quente do ano. Nos \u00faltimos dias de agosto e in\u00edcio de setembro, quase todo o estado tem registado n\u00edveis baixos de umidade do ar. Com o aumento do calor, sobe tamb\u00e9m a for\u00e7a dos ventos, que tamb\u00e9m contribuem para os casos de inc\u00eandio.<\/p>\n\n\n\n<h2>Canal de atendimento<\/h2>\n\n\n\n<p>A Secretaria Estadual de Meio Ambiente e Recursos H\u00eddricos do Piau\u00ed (Semarh) disponibilizou um canal de atendimento para casos de inc\u00eandios florestais descontrolados e fogo criminoso.<\/p>\n\n\n\n<p><strong>Em caso de den\u00fancias, o canal disponibilizado pela Semarh \u00e9: (86) 9 9421-6693<\/strong><\/p>\n\n\n\n<p><strong>Fonte: G1 PI <\/strong><\/p>\n","protected":false},"excerpt":{"rendered":"<p>Um inc\u00eandio de grande propor\u00e7\u00e3o atingiu o munic\u00edpio de Campo Maior, pr\u00f3ximo da divisa com Castelo do Piau\u00ed, Norte do estado, na manh\u00e3 desta segunda-feira (11). Segundo o comando do Corpo de Bombeiros, o fogo se alastrou rapidamente com o vento e a baixa umidade do ar e vem amea\u00e7ando fazendas centen\u00e1rias na regi\u00e3o. Ao [&hellip;]<\/p>\n","protected":false},"author":4,"featured_media":52885,"comment_status":"open","ping_status":"open","sticky":false,"template":"","format":"standard","meta":{"beyondwords_generate_audio":"1","beyondwords_project_id":"","beyondwords_podcast_id":"","beyondwords_hash":"","beyondwords_error_message":"","beyondwords_disabled":"","publish_post_to_speechkit":"","speechkit_generate_audio":"","speechkit_project_id":"","speechkit_podcast_id":"","speechkit_hash":"","speechkit_error_message":"","speechkit_disabled":"","speechkit_access_key":"","speechkit_error":"","speechkit_info":"","speechkit_response":"","speechkit_retries":"","_speechkit_link":"","_speechkit_text":""},"categories":[51],"tags":[5932,11842,44,10920,6074,547,337,52,9089],"jetpack_featured_media_url":"https:\/\/pinews.com.br\/wp-content\/uploads\/2023\/09\/incendio-campo.jpg","_links":{"self":[{"href":"https:\/\/pinews.com.br\/index.php\/wp-json\/wp\/v2\/posts\/52884"}],"collection":[{"href":"https:\/\/pinews.com.br\/index.php\/wp-json\/wp\/v2\/posts"}],"about":[{"href":"https:\/\/pinews.com.br\/index.php\/wp-json\/wp\/v2\/types\/post"}],"author":[{"embeddable":true,"href":"https:\/\/pinews.com.br\/index.php\/wp-json\/wp\/v2\/users\/4"}],"replies":[{"embeddable":true,"href":"https:\/\/pinews.com.br\/index.php\/wp-json\/wp\/v2\/comments?post=52884"}],"version-history":[{"count":1,"href":"https:\/\/pinews.com.br\/index.php\/wp-json\/wp\/v2\/posts\/52884\/revisions"}],"predecessor-version":[{"id":52886,"href":"https:\/\/pinews.com.br\/index.php\/wp-json\/wp\/v2\/posts\/52884\/revisions\/52886"}],"wp:featuredmedia":[{"embeddable":true,"href":"https:\/\/pinews.com.br\/index.php\/wp-json\/wp\/v2\/media\/52885"}],"wp:attachment":[{"href":"https:\/\/pinews.com.br\/index.php\/wp-json\/wp\/v2\/media?parent=52884"}],"wp:term":[{"taxonomy":"category","embeddable":true,"href":"https:\/\/pinews.com.br\/index.php\/wp-json\/wp\/v2\/categories?post=52884"},{"taxonomy":"post_tag","embeddable":true,"href":"https:\/\/pinews.com.br\/index.php\/wp-json\/wp\/v2\/tags?post=52884"}],"curies":[{"name":"wp","href":"https:\/\/api.w.org\/{rel}","templated":true}]}}