{"id":52898,"date":"2023-09-12T11:31:23","date_gmt":"2023-09-12T14:31:23","guid":{"rendered":"https:\/\/pinews.com.br\/?p=52898"},"modified":"2023-09-12T11:31:26","modified_gmt":"2023-09-12T14:31:26","slug":"irmaos-sao-presos-por-usar-bloqueador-de-alarme-para-furtar-carros-no-piaui","status":"publish","type":"post","link":"https:\/\/pinews.com.br\/index.php\/2023\/09\/12\/irmaos-sao-presos-por-usar-bloqueador-de-alarme-para-furtar-carros-no-piaui\/","title":{"rendered":"Irm\u00e3os s\u00e3o presos por usar bloqueador de alarme para furtar carros\u00a0no Piau\u00ed"},"content":{"rendered":"\n<p>Dois irm\u00e3os foram presos suspeitos de utilizar um &#8220;chapolim&#8221;, aparelho que bloqueia as travas e alarmes de carros para furtar os ve\u00edculos na manh\u00e3 de segunda-feira (11).<\/p>\n\n\n\n<p>Na manh\u00e3 de segunda, os policiais receberam a informa\u00e7\u00e3o de que um carro havia sido roubado na av. Dom Severino, na Zona Leste da capital, e passaram a fazer buscas, e os encontraram em outro carro, j\u00e1 identificado como um ve\u00edculo usado em outros crimes. Os suspeitos foram seguidos e observados pelos investigadores.<\/p>\n\n\n\n<blockquote class=\"wp-block-quote\">\n<p>&#8220;Conseguimos flagrar o momento exato em que estavam realizando a entrega dos objetos furtados&nbsp;a outro membro do grupo criminoso, no bairro Dirceu Arcoverde, Zona Sudeste da capital\u201d, explicou o delegado Matheus Zannata, superintendente de opera\u00e7\u00f5es integradas da Pol\u00edcia Civil.<\/p>\n<\/blockquote>\n\n\n\n<p>Com os suspeitos, foram encontrados objetos que pertencem ao dono do carro que havia sido roubado horas antes.<\/p>\n\n\n\n<p>Os dois usavam o aparelho apelidado de &#8220;Chapolim&#8221;:\u00a0quando acionado, ele inibe a frequ\u00eancia emitida pela chave do ve\u00edculo, o que impede que as portas travem e o alarme fique acionado.\u00a0O dono acredita que deixou carro trancado, e os criminosos aproveitam.<\/p>\n\n\n\n<figure class=\"wp-block-image\"><img decoding=\"async\" src=\"https:\/\/s2-g1.glbimg.com\/4DR5-8R2N-rcN-k8nmsHvGDvqm0=\/0x0:1600x1200\/984x0\/smart\/filters:strip_icc()\/i.s3.glbimg.com\/v1\/AUTH_59edd422c0c84a879bd37670ae4f538a\/internal_photos\/bs\/2023\/b\/t\/CEY7m9Ts2p1uoVAC9YTQ\/whatsapp-image-2023-09-12-at-07.33.13.jpeg\" alt=\"Irm\u00e3os presos ap\u00f3s usar bloqueador de alarme para furtar carros na Zona Leste de Teresina \u2014 Foto: Pol\u00edcia Civil\"\/><figcaption class=\"wp-element-caption\">Irm\u00e3os presos ap\u00f3s usar bloqueador de alarme para furtar carros na Zona Leste de Teresina \u2014 Foto: Pol\u00edcia Civil<\/figcaption><\/figure>\n\n\n\n<p>Segundo o delegado Zanatta os dois irm\u00e3os j\u00e1 haviam sido presos antes e estavam em liberdade condicional. Eles foram apontados como l\u00edderes de um grupo criminoso.<\/p>\n\n\n\n<p>&#8220;Os presos respondem pelos crimes de recepta\u00e7\u00e3o, furto, associa\u00e7\u00e3o criminosa, entre outros crimes&#8221;, listou o delegado.<\/p>\n\n\n\n<p>Segundo o delegado Zanatta os dois irm\u00e3os j\u00e1 haviam sido presos antes e estavam em liberdade condicional. Eles foram apontados como l\u00edderes de um grupo criminoso.<\/p>\n\n\n\n<p>&#8220;Os presos respondem pelos crimes de recepta\u00e7\u00e3o, furto, associa\u00e7\u00e3o criminosa, entre outros crimes&#8221;, listou o delegado.<\/p>\n\n\n\n<p><strong>Fonte: G1 PI <\/strong><\/p>\n","protected":false},"excerpt":{"rendered":"<p>Dois irm\u00e3os foram presos suspeitos de utilizar um &#8220;chapolim&#8221;, aparelho que bloqueia as travas e alarmes de carros para furtar os ve\u00edculos na manh\u00e3 de segunda-feira (11). Na manh\u00e3 de segunda, os policiais receberam a informa\u00e7\u00e3o de que um carro havia sido roubado na av. Dom Severino, na Zona Leste da capital, e passaram a [&hellip;]<\/p>\n","protected":false},"author":4,"featured_media":52899,"comment_status":"open","ping_status":"open","sticky":false,"template":"","format":"standard","meta":{"beyondwords_generate_audio":"1","beyondwords_project_id":"","beyondwords_podcast_id":"","beyondwords_hash":"","beyondwords_error_message":"","beyondwords_disabled":"","publish_post_to_speechkit":"","speechkit_generate_audio":"","speechkit_project_id":"","speechkit_podcast_id":"","speechkit_hash":"","speechkit_error_message":"","speechkit_disabled":"","speechkit_access_key":"","speechkit_error":"","speechkit_info":"","speechkit_response":"","speechkit_retries":"","_speechkit_link":"","_speechkit_text":""},"categories":[51,78,81],"tags":[8531,8532,11456,44,75,1045,350,52,59,600,362,447],"jetpack_featured_media_url":"https:\/\/pinews.com.br\/wp-content\/uploads\/2023\/09\/whatsapp-image-2023-09-12-at-09.06.17.jpeg","_links":{"self":[{"href":"https:\/\/pinews.com.br\/index.php\/wp-json\/wp\/v2\/posts\/52898"}],"collection":[{"href":"https:\/\/pinews.com.br\/index.php\/wp-json\/wp\/v2\/posts"}],"about":[{"href":"https:\/\/pinews.com.br\/index.php\/wp-json\/wp\/v2\/types\/post"}],"author":[{"embeddable":true,"href":"https:\/\/pinews.com.br\/index.php\/wp-json\/wp\/v2\/users\/4"}],"replies":[{"embeddable":true,"href":"https:\/\/pinews.com.br\/index.php\/wp-json\/wp\/v2\/comments?post=52898"}],"version-history":[{"count":1,"href":"https:\/\/pinews.com.br\/index.php\/wp-json\/wp\/v2\/posts\/52898\/revisions"}],"predecessor-version":[{"id":52900,"href":"https:\/\/pinews.com.br\/index.php\/wp-json\/wp\/v2\/posts\/52898\/revisions\/52900"}],"wp:featuredmedia":[{"embeddable":true,"href":"https:\/\/pinews.com.br\/index.php\/wp-json\/wp\/v2\/media\/52899"}],"wp:attachment":[{"href":"https:\/\/pinews.com.br\/index.php\/wp-json\/wp\/v2\/media?parent=52898"}],"wp:term":[{"taxonomy":"category","embeddable":true,"href":"https:\/\/pinews.com.br\/index.php\/wp-json\/wp\/v2\/categories?post=52898"},{"taxonomy":"post_tag","embeddable":true,"href":"https:\/\/pinews.com.br\/index.php\/wp-json\/wp\/v2\/tags?post=52898"}],"curies":[{"name":"wp","href":"https:\/\/api.w.org\/{rel}","templated":true}]}}