{"id":52956,"date":"2023-09-14T21:04:50","date_gmt":"2023-09-15T00:04:50","guid":{"rendered":"https:\/\/pinews.com.br\/?p=52956"},"modified":"2023-09-14T21:04:51","modified_gmt":"2023-09-15T00:04:51","slug":"adolescentes-de-17-anos-sao-capturados-com-drogas-no-piaui","status":"publish","type":"post","link":"https:\/\/pinews.com.br\/index.php\/2023\/09\/14\/adolescentes-de-17-anos-sao-capturados-com-drogas-no-piaui\/","title":{"rendered":"Adolescentes de 17 anos s\u00e3o capturados com drogas no Piau\u00ed"},"content":{"rendered":"\n<p>Na manh\u00e3 desta quinta-feira (14), dois adolescentes identificados pelas iniciais C.G.S.C. e F.V.A.B., ambos com 17 anos, foram apreendidos em uma resid\u00eancia com o maconha, crack,  e um celular com restri\u00e7\u00e3o de roubo. A a\u00e7\u00e3o foi realizada pela  Pol\u00edcia Civil do Piau\u00ed, por meio do Departamento Estadual de Repress\u00e3o ao Narcotr\u00e1fico (DENARC).<\/p>\n\n\n\n<p>Os dois adolescentes estavam em uma casa na Vila Santo Afonso, zona Norte de Teresina. Ambos j\u00e1 respondiam por outras infra\u00e7\u00f5es al\u00e9m de serem associados ao mundo do crime. Segundo Walter Cunha, delegado do Departamento Estadual de Repress\u00e3o ao Narcotr\u00e1fico (DENARC), eles v\u00e3o responder por ato equiparado ao tr\u00e1fico de drogas<\/p>\n\n\n\n<p>\u201cOs adolescentes j\u00e1 respondem por outros atos infracionais, e agora responder\u00e3o por ato equiparado ao crime de tr\u00e1fico de drogas, associa\u00e7\u00e3o para o tr\u00e1fico de drogas e recepta\u00e7\u00e3o\u201d, explicou. Os menores passaram pelos procedimentos espec\u00edficos para adolescentes infratores de acordo com a legisla\u00e7\u00e3o do Estatuto da Crian\u00e7a e do Adolescente.<\/p>\n\n\n\n<p><strong>Fonte: Meio Norte <\/strong><\/p>\n","protected":false},"excerpt":{"rendered":"<p>Na manh\u00e3 desta quinta-feira (14), dois adolescentes identificados pelas iniciais C.G.S.C. e F.V.A.B., ambos com 17 anos, foram apreendidos em uma resid\u00eancia com o maconha, crack, e um celular com restri\u00e7\u00e3o de roubo. A a\u00e7\u00e3o foi realizada pela Pol\u00edcia Civil do Piau\u00ed, por meio do Departamento Estadual de Repress\u00e3o ao Narcotr\u00e1fico (DENARC). Os dois adolescentes [&hellip;]<\/p>\n","protected":false},"author":1,"featured_media":52957,"comment_status":"open","ping_status":"open","sticky":false,"template":"","format":"standard","meta":{"beyondwords_generate_audio":"1","beyondwords_project_id":"","beyondwords_podcast_id":"","beyondwords_hash":"","beyondwords_error_message":"","beyondwords_disabled":"","publish_post_to_speechkit":"","speechkit_generate_audio":"","speechkit_project_id":"","speechkit_podcast_id":"","speechkit_hash":"","speechkit_error_message":"","speechkit_disabled":"","speechkit_access_key":"","speechkit_error":"","speechkit_info":"","speechkit_response":"","speechkit_retries":"","_speechkit_link":"","_speechkit_text":""},"categories":[51,78,81],"tags":[455,597,82,7552,44,193,52,362],"jetpack_featured_media_url":"https:\/\/pinews.com.br\/wp-content\/uploads\/2023\/09\/adolescentes-de-17-anos-sao-capturados-com-drogas-na-zona-norte-de-teresina-cd4aec82-8611-4cec-9896-cbf61dc9b200.webp","_links":{"self":[{"href":"https:\/\/pinews.com.br\/index.php\/wp-json\/wp\/v2\/posts\/52956"}],"collection":[{"href":"https:\/\/pinews.com.br\/index.php\/wp-json\/wp\/v2\/posts"}],"about":[{"href":"https:\/\/pinews.com.br\/index.php\/wp-json\/wp\/v2\/types\/post"}],"author":[{"embeddable":true,"href":"https:\/\/pinews.com.br\/index.php\/wp-json\/wp\/v2\/users\/1"}],"replies":[{"embeddable":true,"href":"https:\/\/pinews.com.br\/index.php\/wp-json\/wp\/v2\/comments?post=52956"}],"version-history":[{"count":1,"href":"https:\/\/pinews.com.br\/index.php\/wp-json\/wp\/v2\/posts\/52956\/revisions"}],"predecessor-version":[{"id":52958,"href":"https:\/\/pinews.com.br\/index.php\/wp-json\/wp\/v2\/posts\/52956\/revisions\/52958"}],"wp:featuredmedia":[{"embeddable":true,"href":"https:\/\/pinews.com.br\/index.php\/wp-json\/wp\/v2\/media\/52957"}],"wp:attachment":[{"href":"https:\/\/pinews.com.br\/index.php\/wp-json\/wp\/v2\/media?parent=52956"}],"wp:term":[{"taxonomy":"category","embeddable":true,"href":"https:\/\/pinews.com.br\/index.php\/wp-json\/wp\/v2\/categories?post=52956"},{"taxonomy":"post_tag","embeddable":true,"href":"https:\/\/pinews.com.br\/index.php\/wp-json\/wp\/v2\/tags?post=52956"}],"curies":[{"name":"wp","href":"https:\/\/api.w.org\/{rel}","templated":true}]}}