{"id":53042,"date":"2023-09-18T18:10:54","date_gmt":"2023-09-18T21:10:54","guid":{"rendered":"https:\/\/pinews.com.br\/?p=53042"},"modified":"2023-09-18T18:10:57","modified_gmt":"2023-09-18T21:10:57","slug":"mulher-de-28-anos-morre-apos-colidir-frontalmente-com-carro-no-piaui","status":"publish","type":"post","link":"https:\/\/pinews.com.br\/index.php\/2023\/09\/18\/mulher-de-28-anos-morre-apos-colidir-frontalmente-com-carro-no-piaui\/","title":{"rendered":"Mulher de 28 anos morre ap\u00f3s colidir frontalmente com carro no Piau\u00ed"},"content":{"rendered":"\n<p>Larissa Alves de Amorim, de 28 anos, morreu, na madrugada desta segunda-feira (18), ap\u00f3s colidir frontalmente com um carro na Rua Castelo do Piau\u00ed, bairro Itaperu, Zona Norte de\u00a0Teresina. Segundo o Batalh\u00e3o de Policiamento de Tr\u00e2nsito do Piau\u00ed (BPTran),\u00a0as causas presum\u00edveis do acidente foram falha humana.<\/p>\n\n\n\n<p>Imagens de uma c\u00e2mera de seguran\u00e7a da rua registraram o momento do acidente. Pelo v\u00eddeo \u00e9 poss\u00edvel perceber quando a moto segue em um sentido e ap\u00f3s um cruzamento invade a pista contr\u00e1ria, colidindo frontalmente com um carro.<\/p>\n\n\n\n<p>Minutos depois o motorista sai do ve\u00edculo e se depara com Larissa no ch\u00e3o. A Pol\u00edcia Militar do Piau\u00ed (PM-PI), por meio do BPTran, atendeu a ocorr\u00eancia.<\/p>\n\n\n\n<p>O motorista foi levado ao hospital por moradores, mas depois a pol\u00edcia o encontrou e fez o teste de alcoolemia, que deu negativo.<\/p>\n\n\n\n<p>O Instituto de Medicina Legal (IML) fez a remo\u00e7\u00e3o do corpo e o motorista foi levado para a Central de Flagrantes de\u00a0Teresina\u00a0para prestar esclarecimentos e depois liberado.<\/p>\n\n\n\n<p><strong>Fonte: G1 PI<\/strong><\/p>\n","protected":false},"excerpt":{"rendered":"<p>Larissa Alves de Amorim, de 28 anos, morreu, na madrugada desta segunda-feira (18), ap\u00f3s colidir frontalmente com um carro na Rua Castelo do Piau\u00ed, bairro Itaperu, Zona Norte de\u00a0Teresina. Segundo o Batalh\u00e3o de Policiamento de Tr\u00e2nsito do Piau\u00ed (BPTran),\u00a0as causas presum\u00edveis do acidente foram falha humana. Imagens de uma c\u00e2mera de seguran\u00e7a da rua registraram [&hellip;]<\/p>\n","protected":false},"author":4,"featured_media":53043,"comment_status":"open","ping_status":"open","sticky":false,"template":"","format":"standard","meta":{"beyondwords_generate_audio":"1","beyondwords_project_id":"","beyondwords_podcast_id":"","beyondwords_hash":"","beyondwords_error_message":"","beyondwords_disabled":"","publish_post_to_speechkit":"","speechkit_generate_audio":"","speechkit_project_id":"","speechkit_podcast_id":"","speechkit_hash":"","speechkit_error_message":"","speechkit_disabled":"","speechkit_access_key":"","speechkit_error":"","speechkit_info":"","speechkit_response":"","speechkit_retries":"","_speechkit_link":"","_speechkit_text":""},"categories":[51,81],"tags":[938,82,70,62,300,44,9143,119,135,52],"jetpack_featured_media_url":"https:\/\/pinews.com.br\/wp-content\/uploads\/2023\/09\/whatsapp-image-2023-09-18-at-13.52.07.jpeg","_links":{"self":[{"href":"https:\/\/pinews.com.br\/index.php\/wp-json\/wp\/v2\/posts\/53042"}],"collection":[{"href":"https:\/\/pinews.com.br\/index.php\/wp-json\/wp\/v2\/posts"}],"about":[{"href":"https:\/\/pinews.com.br\/index.php\/wp-json\/wp\/v2\/types\/post"}],"author":[{"embeddable":true,"href":"https:\/\/pinews.com.br\/index.php\/wp-json\/wp\/v2\/users\/4"}],"replies":[{"embeddable":true,"href":"https:\/\/pinews.com.br\/index.php\/wp-json\/wp\/v2\/comments?post=53042"}],"version-history":[{"count":1,"href":"https:\/\/pinews.com.br\/index.php\/wp-json\/wp\/v2\/posts\/53042\/revisions"}],"predecessor-version":[{"id":53044,"href":"https:\/\/pinews.com.br\/index.php\/wp-json\/wp\/v2\/posts\/53042\/revisions\/53044"}],"wp:featuredmedia":[{"embeddable":true,"href":"https:\/\/pinews.com.br\/index.php\/wp-json\/wp\/v2\/media\/53043"}],"wp:attachment":[{"href":"https:\/\/pinews.com.br\/index.php\/wp-json\/wp\/v2\/media?parent=53042"}],"wp:term":[{"taxonomy":"category","embeddable":true,"href":"https:\/\/pinews.com.br\/index.php\/wp-json\/wp\/v2\/categories?post=53042"},{"taxonomy":"post_tag","embeddable":true,"href":"https:\/\/pinews.com.br\/index.php\/wp-json\/wp\/v2\/tags?post=53042"}],"curies":[{"name":"wp","href":"https:\/\/api.w.org\/{rel}","templated":true}]}}