{"id":53057,"date":"2023-09-19T11:37:37","date_gmt":"2023-09-19T14:37:37","guid":{"rendered":"https:\/\/pinews.com.br\/?p=53057"},"modified":"2023-09-19T11:37:40","modified_gmt":"2023-09-19T14:37:40","slug":"temperaturas-podem-ultrapassar-os-40oc-no-piaui-nesta-semana-veja-orientacoes","status":"publish","type":"post","link":"https:\/\/pinews.com.br\/index.php\/2023\/09\/19\/temperaturas-podem-ultrapassar-os-40oc-no-piaui-nesta-semana-veja-orientacoes\/","title":{"rendered":"Temperaturas podem ultrapassar os 40\u00baC no Piau\u00ed nesta semana; veja orienta\u00e7\u00f5es"},"content":{"rendered":"\n<p>A Secretaria de Meio Ambiente e Recursos H\u00eddricos do Piau\u00ed (Semarh) emitiu um comunicado informando que a onda de calor que atingir\u00e1 o pa\u00eds nesta semana\u00a0poder\u00e1 alterar as condi\u00e7\u00f5es atmosf\u00e9ricas do Piau\u00ed a partir desta quarta-feira (20), com a possibilidade de se estender at\u00e9 a sexta (22).<\/p>\n\n\n\n<p>Segundo o Instituto Nacional de Meteorologia (INMET), s\u00e3o esperadas temperaturas que podem ultrapassar os 40\u00baC, com umidades abaixo dos 15%, especialmente em munic\u00edpios das mesorregi\u00f5es sudoeste e sudeste piauiense.<\/p>\n\n\n\n<p>Ainda de acordo com a Semarh, essas condi\u00e7\u00f5es podem impactar na qualidade de vida, trazendo alguns riscos \u00e0 sa\u00fade como:<\/p>\n\n\n\n<ul>\n<li>Problemas respirat\u00f3rios e de pele<\/li>\n\n\n\n<li>Insola\u00e7\u00f5es<\/li>\n\n\n\n<li>Desidrata\u00e7\u00e3o<\/li>\n\n\n\n<li>Potencializa\u00e7\u00e3o de alergias<\/li>\n\n\n\n<li>Aumento de problemas de press\u00e3o<\/li>\n<\/ul>\n\n\n\n<blockquote class=\"wp-block-quote\">\n<p><strong>Para amenizar os riscos, s\u00e3o recomendadas algumas orienta\u00e7\u00f5es, sendo elas:<\/strong><\/p>\n\n\n\n<ul>\n<li>Hidratar-se atrav\u00e9s do consumo de l\u00edquidos<\/li>\n\n\n\n<li>Evitar pr\u00e1ticas de esportes expostos ao sol entre 11h e 18h<\/li>\n\n\n\n<li>Evitar locais com aglomera\u00e7\u00f5es e baixa circula\u00e7\u00e3o de ar<\/li>\n\n\n\n<li>Evitar expor-se ao sol entre 11h e 18h<\/li>\n\n\n\n<li>Utilizar &#8220;sombrinhas&#8221; e protetor solar<\/li>\n\n\n\n<li>Procurar locais florestados para a pr\u00e1tica de esportes ao ar livre ap\u00f3s os hor\u00e1rios cr\u00edticos<\/li>\n\n\n\n<li>Umidificar ambientes com umidificadores, toalhas molhadas ou baldes com \u00e1gua<\/li>\n<\/ul>\n<\/blockquote>\n\n\n\n<p>A Semarh destaca tamb\u00e9m que os cuidados com crian\u00e7as de 0 a 5 anos, pessoas com comorbidades e idosos devem ser redobrados.<\/p>\n\n\n\n<p>As ondas de calor se caracterizam por per\u00edodos em que as temperaturas se apresentam elevadas, com m\u00e1ximas superiores \u00e0 normal climatol\u00f3gica do referido per\u00edodo. Nesta semana, as regi\u00f5es que devem mais atingidas s\u00e3o o Centro-Oeste e Sul do Brasil.&nbsp;<\/p>\n\n\n\n<p>No m\u00eas de agosto de 2023, a Semarh refor\u00e7ou que o Piau\u00ed j\u00e1 esteve dentro de um alerta de onda de calor, onde foram registradas temperaturas que chegaram aos 41\u00baC quando, normalmente, as m\u00e1ximas giram em torno dos 36,5\u00baC.<\/p>\n\n\n\n<p>As temperaturas elevadas fazem parte do contexto hist\u00f3rico do trimestre setembro, outubro e novembro (SON), assim como os baixos \u00edndices de umidade relativa do ar. No entanto, os sistemas atmosf\u00e9ricos est\u00e3o apresentando comportamentos extremos em virtude do El Ni\u00f1o, fen\u00f4meno que acentua as condi\u00e7\u00f5es atmosf\u00e9ricas de seca no Norte e nordeste brasileiro e condi\u00e7\u00f5es chuvosas extremas no sul do Brasil.<\/p>\n\n\n\n<p><strong>Fonte: Rebeca Lima\/ Cidade Verde <\/strong><\/p>\n","protected":false},"excerpt":{"rendered":"<p>A Secretaria de Meio Ambiente e Recursos H\u00eddricos do Piau\u00ed (Semarh) emitiu um comunicado informando que a onda de calor que atingir\u00e1 o pa\u00eds nesta semana\u00a0poder\u00e1 alterar as condi\u00e7\u00f5es atmosf\u00e9ricas do Piau\u00ed a partir desta quarta-feira (20), com a possibilidade de se estender at\u00e9 a sexta (22). Segundo o Instituto Nacional de Meteorologia (INMET), s\u00e3o [&hellip;]<\/p>\n","protected":false},"author":4,"featured_media":53058,"comment_status":"open","ping_status":"open","sticky":false,"template":"","format":"standard","meta":{"beyondwords_generate_audio":"1","beyondwords_project_id":"","beyondwords_podcast_id":"","beyondwords_hash":"","beyondwords_error_message":"","beyondwords_disabled":"","publish_post_to_speechkit":"","speechkit_generate_audio":"","speechkit_project_id":"","speechkit_podcast_id":"","speechkit_hash":"","speechkit_error_message":"","speechkit_disabled":"","speechkit_access_key":"","speechkit_error":"","speechkit_info":"","speechkit_response":"","speechkit_retries":"","_speechkit_link":"","_speechkit_text":""},"categories":[51],"tags":[11861,5815,11862,974,52,5662,5863,11751,9913,425],"jetpack_featured_media_url":"https:\/\/pinews.com.br\/wp-content\/uploads\/2023\/09\/9d60a428bd4879acf34e04a5b4aa0738.jpg","_links":{"self":[{"href":"https:\/\/pinews.com.br\/index.php\/wp-json\/wp\/v2\/posts\/53057"}],"collection":[{"href":"https:\/\/pinews.com.br\/index.php\/wp-json\/wp\/v2\/posts"}],"about":[{"href":"https:\/\/pinews.com.br\/index.php\/wp-json\/wp\/v2\/types\/post"}],"author":[{"embeddable":true,"href":"https:\/\/pinews.com.br\/index.php\/wp-json\/wp\/v2\/users\/4"}],"replies":[{"embeddable":true,"href":"https:\/\/pinews.com.br\/index.php\/wp-json\/wp\/v2\/comments?post=53057"}],"version-history":[{"count":1,"href":"https:\/\/pinews.com.br\/index.php\/wp-json\/wp\/v2\/posts\/53057\/revisions"}],"predecessor-version":[{"id":53059,"href":"https:\/\/pinews.com.br\/index.php\/wp-json\/wp\/v2\/posts\/53057\/revisions\/53059"}],"wp:featuredmedia":[{"embeddable":true,"href":"https:\/\/pinews.com.br\/index.php\/wp-json\/wp\/v2\/media\/53058"}],"wp:attachment":[{"href":"https:\/\/pinews.com.br\/index.php\/wp-json\/wp\/v2\/media?parent=53057"}],"wp:term":[{"taxonomy":"category","embeddable":true,"href":"https:\/\/pinews.com.br\/index.php\/wp-json\/wp\/v2\/categories?post=53057"},{"taxonomy":"post_tag","embeddable":true,"href":"https:\/\/pinews.com.br\/index.php\/wp-json\/wp\/v2\/tags?post=53057"}],"curies":[{"name":"wp","href":"https:\/\/api.w.org\/{rel}","templated":true}]}}