{"id":53081,"date":"2023-09-19T18:09:58","date_gmt":"2023-09-19T21:09:58","guid":{"rendered":"https:\/\/pinews.com.br\/?p=53081"},"modified":"2023-09-19T18:10:00","modified_gmt":"2023-09-19T21:10:00","slug":"homem-e-preso-no-piaui-suspeito-de-serie-de-roubos-a-mao-armada-no-acre","status":"publish","type":"post","link":"https:\/\/pinews.com.br\/index.php\/2023\/09\/19\/homem-e-preso-no-piaui-suspeito-de-serie-de-roubos-a-mao-armada-no-acre\/","title":{"rendered":"Homem \u00e9 preso no Piau\u00ed suspeito de s\u00e9rie de roubos \u00e0 m\u00e3o armada no Acre"},"content":{"rendered":"\n<p>O suspeito de roubos \u00e0 m\u00e3o armada, que encontrava-se foragido do estado do Acre h\u00e1 cerca de 20 anos, foi preso na tarde desta segunda-feira (18), pela Pol\u00edcia Civil do Piau\u00ed, na zona rural da cidade de Joca Marques. O indiv\u00edduo identificado pelas iniciais R.R.S, de 46 anos, \u00e9 natural do munic\u00edpio de Luzil\u00e2ndia. <\/p>\n\n\n\n<p>A Pol\u00edcia cumpriu mandado de pris\u00e3o em nome do suspeito.\u00a0Segundo informa\u00e7\u00f5es das autoridades, o homem, em meados dos anos 2000, participou de uma s\u00e9rie de roubos \u00e0 m\u00e3o armada no estado do Acre, e\u00a0estava foragido h\u00e1 cerca de 20 anos.\u00a0A pris\u00e3o foi de esp\u00e9cie condenat\u00f3ria pela pr\u00e1tica do crime de roubo majorado. A a\u00e7\u00e3o foi feita pela Delegacia de Luzil\u00e2ndia com o apoio do\u00a0Grupamento da Pol\u00edcia Militar de Joca Marques.\u00a0<\/p>\n\n\n\n<p>De acordo com o delegado-titular de Luzil\u00e2ndia, Ant\u00f4nio Alves, ap\u00f3s troca de informa\u00e7\u00f5es entre \u00f3rg\u00e3os de seguran\u00e7a p\u00fablica, foi constatado que o mesmo estava\u00a0residindo na regi\u00e3o de Luzil\u00e2ndia.\u00a0O preso ser\u00e1 encaminhado para o sistema penitenci\u00e1rio \u00a0para fins de cumprimento da pena estipulada pela justi\u00e7a.<\/p>\n\n\n\n<p><strong>Fonte: Meio Norte <\/strong><\/p>\n","protected":false},"excerpt":{"rendered":"<p>O suspeito de roubos \u00e0 m\u00e3o armada, que encontrava-se foragido do estado do Acre h\u00e1 cerca de 20 anos, foi preso na tarde desta segunda-feira (18), pela Pol\u00edcia Civil do Piau\u00ed, na zona rural da cidade de Joca Marques. O indiv\u00edduo identificado pelas iniciais R.R.S, de 46 anos, \u00e9 natural do munic\u00edpio de Luzil\u00e2ndia. A [&hellip;]<\/p>\n","protected":false},"author":4,"featured_media":53082,"comment_status":"open","ping_status":"open","sticky":false,"template":"","format":"standard","meta":{"beyondwords_generate_audio":"1","beyondwords_project_id":"","beyondwords_podcast_id":"","beyondwords_hash":"","beyondwords_error_message":"","beyondwords_disabled":"","publish_post_to_speechkit":"","speechkit_generate_audio":"","speechkit_project_id":"","speechkit_podcast_id":"","speechkit_hash":"","speechkit_error_message":"","speechkit_disabled":"","speechkit_access_key":"","speechkit_error":"","speechkit_info":"","speechkit_response":"","speechkit_retries":"","_speechkit_link":"","_speechkit_text":""},"categories":[51,78],"tags":[794,6095,5929,44,72,84,5786,52,79,850,7196,130],"jetpack_featured_media_url":"https:\/\/pinews.com.br\/wp-content\/uploads\/2023\/09\/homem-e-preso-no-piaui-suspeito-de-serie-de-roubos-a-mao-armada-no-acre-af2a344a-59bf-43d3-a2df-f78df0e2e5ea.webp","_links":{"self":[{"href":"https:\/\/pinews.com.br\/index.php\/wp-json\/wp\/v2\/posts\/53081"}],"collection":[{"href":"https:\/\/pinews.com.br\/index.php\/wp-json\/wp\/v2\/posts"}],"about":[{"href":"https:\/\/pinews.com.br\/index.php\/wp-json\/wp\/v2\/types\/post"}],"author":[{"embeddable":true,"href":"https:\/\/pinews.com.br\/index.php\/wp-json\/wp\/v2\/users\/4"}],"replies":[{"embeddable":true,"href":"https:\/\/pinews.com.br\/index.php\/wp-json\/wp\/v2\/comments?post=53081"}],"version-history":[{"count":1,"href":"https:\/\/pinews.com.br\/index.php\/wp-json\/wp\/v2\/posts\/53081\/revisions"}],"predecessor-version":[{"id":53083,"href":"https:\/\/pinews.com.br\/index.php\/wp-json\/wp\/v2\/posts\/53081\/revisions\/53083"}],"wp:featuredmedia":[{"embeddable":true,"href":"https:\/\/pinews.com.br\/index.php\/wp-json\/wp\/v2\/media\/53082"}],"wp:attachment":[{"href":"https:\/\/pinews.com.br\/index.php\/wp-json\/wp\/v2\/media?parent=53081"}],"wp:term":[{"taxonomy":"category","embeddable":true,"href":"https:\/\/pinews.com.br\/index.php\/wp-json\/wp\/v2\/categories?post=53081"},{"taxonomy":"post_tag","embeddable":true,"href":"https:\/\/pinews.com.br\/index.php\/wp-json\/wp\/v2\/tags?post=53081"}],"curies":[{"name":"wp","href":"https:\/\/api.w.org\/{rel}","templated":true}]}}