{"id":53115,"date":"2023-09-21T10:50:00","date_gmt":"2023-09-21T13:50:00","guid":{"rendered":"https:\/\/pinews.com.br\/?p=53115"},"modified":"2023-09-21T10:50:03","modified_gmt":"2023-09-21T13:50:03","slug":"policia-civil-do-piaui-prende-dois-irmaos-por-posse-ilegal-de-arma-e-receptacao-no-piaui","status":"publish","type":"post","link":"https:\/\/pinews.com.br\/index.php\/2023\/09\/21\/policia-civil-do-piaui-prende-dois-irmaos-por-posse-ilegal-de-arma-e-receptacao-no-piaui\/","title":{"rendered":"Pol\u00edcia Civil do Piau\u00ed prende dois irm\u00e3os por posse ilegal de arma e recepta\u00e7\u00e3o no Piau\u00ed"},"content":{"rendered":"\n<p>Na \u00faltima quarta-feira (20\/09), a Pol\u00edcia Civil do Piau\u00ed, por interm\u00e9dio do Departamento de Roubo e Furto de Ve\u00edculos (DRFV), efetuou a deten\u00e7\u00e3o de dois irm\u00e3os no bairro S\u00e3o Sebasti\u00e3o, situado na Zona Sudeste de Teresina, enquanto cumpria mandados de busca e apreens\u00e3o.<\/p>\n\n\n\n<p>Durante a opera\u00e7\u00e3o, os agentes apreenderam uma arma de fogo de fabrica\u00e7\u00e3o caseira, dinheiro em moeda mi\u00fada, subst\u00e2ncias entorpecentes e um celular que havia sido roubado. Segundo o delegado Marcelo Dias, que chefia o DRFV, h\u00e1 suspeitas de que a dupla tenha envolvimento em assaltos ocorridos na capital.<\/p>\n\n\n\n<p>Como resultado, os dois indiv\u00edduos foram detidos em flagrante pelos crimes de Posse Ilegal de Arma de Fogo e Recepta\u00e7\u00e3o Dolosa e, posteriormente, encaminhados \u00e0 delegacia para as provid\u00eancias legais cab\u00edveis.<\/p>\n\n\n\n<p><strong>Fonte: 180 graus<\/strong><\/p>\n","protected":false},"excerpt":{"rendered":"<p>Na \u00faltima quarta-feira (20\/09), a Pol\u00edcia Civil do Piau\u00ed, por interm\u00e9dio do Departamento de Roubo e Furto de Ve\u00edculos (DRFV), efetuou a deten\u00e7\u00e3o de dois irm\u00e3os no bairro S\u00e3o Sebasti\u00e3o, situado na Zona Sudeste de Teresina, enquanto cumpria mandados de busca e apreens\u00e3o. Durante a opera\u00e7\u00e3o, os agentes apreenderam uma arma de fogo de fabrica\u00e7\u00e3o [&hellip;]<\/p>\n","protected":false},"author":4,"featured_media":53116,"comment_status":"open","ping_status":"open","sticky":false,"template":"","format":"standard","meta":{"beyondwords_generate_audio":"1","beyondwords_project_id":"","beyondwords_podcast_id":"","beyondwords_hash":"","beyondwords_error_message":"","beyondwords_disabled":"","publish_post_to_speechkit":"","speechkit_generate_audio":"","speechkit_project_id":"","speechkit_podcast_id":"","speechkit_hash":"","speechkit_error_message":"","speechkit_disabled":"","speechkit_access_key":"","speechkit_error":"","speechkit_info":"","speechkit_response":"","speechkit_retries":"","_speechkit_link":"","_speechkit_text":""},"categories":[51,78,81],"tags":[326,936,44,106,101,1045,52,466,59,5393,112,989],"jetpack_featured_media_url":"https:\/\/pinews.com.br\/wp-content\/uploads\/2023\/09\/pc-pi_2164911453875724045.jpg","_links":{"self":[{"href":"https:\/\/pinews.com.br\/index.php\/wp-json\/wp\/v2\/posts\/53115"}],"collection":[{"href":"https:\/\/pinews.com.br\/index.php\/wp-json\/wp\/v2\/posts"}],"about":[{"href":"https:\/\/pinews.com.br\/index.php\/wp-json\/wp\/v2\/types\/post"}],"author":[{"embeddable":true,"href":"https:\/\/pinews.com.br\/index.php\/wp-json\/wp\/v2\/users\/4"}],"replies":[{"embeddable":true,"href":"https:\/\/pinews.com.br\/index.php\/wp-json\/wp\/v2\/comments?post=53115"}],"version-history":[{"count":1,"href":"https:\/\/pinews.com.br\/index.php\/wp-json\/wp\/v2\/posts\/53115\/revisions"}],"predecessor-version":[{"id":53117,"href":"https:\/\/pinews.com.br\/index.php\/wp-json\/wp\/v2\/posts\/53115\/revisions\/53117"}],"wp:featuredmedia":[{"embeddable":true,"href":"https:\/\/pinews.com.br\/index.php\/wp-json\/wp\/v2\/media\/53116"}],"wp:attachment":[{"href":"https:\/\/pinews.com.br\/index.php\/wp-json\/wp\/v2\/media?parent=53115"}],"wp:term":[{"taxonomy":"category","embeddable":true,"href":"https:\/\/pinews.com.br\/index.php\/wp-json\/wp\/v2\/categories?post=53115"},{"taxonomy":"post_tag","embeddable":true,"href":"https:\/\/pinews.com.br\/index.php\/wp-json\/wp\/v2\/tags?post=53115"}],"curies":[{"name":"wp","href":"https:\/\/api.w.org\/{rel}","templated":true}]}}