{"id":53127,"date":"2023-09-21T18:10:56","date_gmt":"2023-09-21T21:10:56","guid":{"rendered":"https:\/\/pinews.com.br\/?p=53127"},"modified":"2023-09-21T18:10:58","modified_gmt":"2023-09-21T21:10:58","slug":"policia-prende-avo-suspeito-de-estuprar-as-proprias-netas-no-piaui","status":"publish","type":"post","link":"https:\/\/pinews.com.br\/index.php\/2023\/09\/21\/policia-prende-avo-suspeito-de-estuprar-as-proprias-netas-no-piaui\/","title":{"rendered":"Pol\u00edcia prende av\u00f4 suspeito de estuprar as pr\u00f3prias netas no Piau\u00ed"},"content":{"rendered":"\n<p>Um homem de 53 anos foi preso preventivamente nesta quinta-feira (21), suspeito de estupro de vulner\u00e1vel contra duas netas, uma crian\u00e7a, de 9 anos e uma adolescente, de 15 anos, no munic\u00edpio de Uni\u00e3o, localizado a cerca de 64 km de Teresina.&nbsp;<\/p>\n\n\n\n<p>De acordo com informa\u00e7\u00f5es da Pol\u00edcia Civil do Piau\u00ed, o crime foi denunciado pela m\u00e3e das v\u00edtimas \u00e0 Delegacia de Uni\u00e3o, que investiga o caso. Ela percebeu mudan\u00e7a no comportamento das filhas, que relataram os abusos.&nbsp;<\/p>\n\n\n\n<blockquote class=\"wp-block-quote\">\n<p>&#8220;A m\u00e3e notou diferen\u00e7a no comportamento de uma das filhas, procurou saber o motivo e acabou descobrindo os crimes. O estupro contra a mais velha teria sido iniciado quando ela era ainda crian\u00e7a&#8221;, completou o delegado Adalberto J\u00fanior.<\/p>\n<\/blockquote>\n\n\n\n<p>Uma das v\u00edtimas tem 9 anos e a outra 15 anos, mas relatou que abusos come\u00e7aram quando ainda era crian\u00e7a. Ap\u00f3s a pris\u00e3o, o av\u00f4 foi interrogado e encaminhado para o sistema prisional ap\u00f3s a audi\u00eancia de cust\u00f3dia.<\/p>\n\n\n\n<p><strong>Fonte: Cidade Verde <\/strong><\/p>\n","protected":false},"excerpt":{"rendered":"<p>Um homem de 53 anos foi preso preventivamente nesta quinta-feira (21), suspeito de estupro de vulner\u00e1vel contra duas netas, uma crian\u00e7a, de 9 anos e uma adolescente, de 15 anos, no munic\u00edpio de Uni\u00e3o, localizado a cerca de 64 km de Teresina.&nbsp; De acordo com informa\u00e7\u00f5es da Pol\u00edcia Civil do Piau\u00ed, o crime foi denunciado [&hellip;]<\/p>\n","protected":false},"author":4,"featured_media":53128,"comment_status":"open","ping_status":"open","sticky":false,"template":"","format":"standard","meta":{"beyondwords_generate_audio":"1","beyondwords_project_id":"","beyondwords_podcast_id":"","beyondwords_hash":"","beyondwords_error_message":"","beyondwords_disabled":"","publish_post_to_speechkit":"","speechkit_generate_audio":"","speechkit_project_id":"","speechkit_podcast_id":"","speechkit_hash":"","speechkit_error_message":"","speechkit_disabled":"","speechkit_access_key":"","speechkit_error":"","speechkit_info":"","speechkit_response":"","speechkit_retries":"","_speechkit_link":"","_speechkit_text":""},"categories":[51,78],"tags":[1393,44,348,1663,52,466,112,8141,130],"jetpack_featured_media_url":"https:\/\/pinews.com.br\/wp-content\/uploads\/2023\/09\/1811050e7d7b7a0c035e5a8bf194ef5b.jpg","_links":{"self":[{"href":"https:\/\/pinews.com.br\/index.php\/wp-json\/wp\/v2\/posts\/53127"}],"collection":[{"href":"https:\/\/pinews.com.br\/index.php\/wp-json\/wp\/v2\/posts"}],"about":[{"href":"https:\/\/pinews.com.br\/index.php\/wp-json\/wp\/v2\/types\/post"}],"author":[{"embeddable":true,"href":"https:\/\/pinews.com.br\/index.php\/wp-json\/wp\/v2\/users\/4"}],"replies":[{"embeddable":true,"href":"https:\/\/pinews.com.br\/index.php\/wp-json\/wp\/v2\/comments?post=53127"}],"version-history":[{"count":1,"href":"https:\/\/pinews.com.br\/index.php\/wp-json\/wp\/v2\/posts\/53127\/revisions"}],"predecessor-version":[{"id":53129,"href":"https:\/\/pinews.com.br\/index.php\/wp-json\/wp\/v2\/posts\/53127\/revisions\/53129"}],"wp:featuredmedia":[{"embeddable":true,"href":"https:\/\/pinews.com.br\/index.php\/wp-json\/wp\/v2\/media\/53128"}],"wp:attachment":[{"href":"https:\/\/pinews.com.br\/index.php\/wp-json\/wp\/v2\/media?parent=53127"}],"wp:term":[{"taxonomy":"category","embeddable":true,"href":"https:\/\/pinews.com.br\/index.php\/wp-json\/wp\/v2\/categories?post=53127"},{"taxonomy":"post_tag","embeddable":true,"href":"https:\/\/pinews.com.br\/index.php\/wp-json\/wp\/v2\/tags?post=53127"}],"curies":[{"name":"wp","href":"https:\/\/api.w.org\/{rel}","templated":true}]}}