{"id":53151,"date":"2023-09-22T11:31:39","date_gmt":"2023-09-22T14:31:39","guid":{"rendered":"https:\/\/pinews.com.br\/?p=53151"},"modified":"2023-09-22T11:31:41","modified_gmt":"2023-09-22T14:31:41","slug":"idoso-suspeito-de-homicidio-e-preso-pela-pf-ao-desembarcar-em-aeroporto-no-piaui","status":"publish","type":"post","link":"https:\/\/pinews.com.br\/index.php\/2023\/09\/22\/idoso-suspeito-de-homicidio-e-preso-pela-pf-ao-desembarcar-em-aeroporto-no-piaui\/","title":{"rendered":"Idoso suspeito de homic\u00eddio \u00e9 preso pela PF ao desembarcar em aeroporto no Piau\u00ed"},"content":{"rendered":"\n<p>A Pol\u00edcia Federal prendeu, nesta quinta-feira (21), um homem de 61 anos suspeito de homic\u00eddio. Ele foi preso em cumprimento de mandado de pris\u00e3o ao desembarcar no aeroporto de\u00a0Teresina, Zona Norte.<\/p>\n\n\n\n<p>O mandado de pris\u00e3o preventiva, expedido pela 1\u00aa Vara Criminal de Parauapebas do Tribunal de Justi\u00e7a do Estado do Par\u00e1, foi cumprido na capital piauiense no final da tarde.<\/p>\n\n\n\n<p>Ap\u00f3s realizados os procedimentos criminais na Superintend\u00eancia Regional de Pol\u00edcia Federal no Piau\u00ed, o preso foi encaminhado ao sistema prisional do estado, onde ir\u00e1 aguardar a audi\u00eancia de cust\u00f3dia.<\/p>\n\n\n\n<p><strong>Fonte: G1 PI<\/strong><\/p>\n","protected":false},"excerpt":{"rendered":"<p>A Pol\u00edcia Federal prendeu, nesta quinta-feira (21), um homem de 61 anos suspeito de homic\u00eddio. Ele foi preso em cumprimento de mandado de pris\u00e3o ao desembarcar no aeroporto de\u00a0Teresina, Zona Norte. O mandado de pris\u00e3o preventiva, expedido pela 1\u00aa Vara Criminal de Parauapebas do Tribunal de Justi\u00e7a do Estado do Par\u00e1, foi cumprido na capital [&hellip;]<\/p>\n","protected":false},"author":4,"featured_media":53152,"comment_status":"open","ping_status":"open","sticky":false,"template":"","format":"standard","meta":{"beyondwords_generate_audio":"1","beyondwords_project_id":"","beyondwords_podcast_id":"","beyondwords_hash":"","beyondwords_error_message":"","beyondwords_disabled":"","publish_post_to_speechkit":"","speechkit_generate_audio":"","speechkit_project_id":"","speechkit_podcast_id":"","speechkit_hash":"","speechkit_error_message":"","speechkit_disabled":"","speechkit_access_key":"","speechkit_error":"","speechkit_info":"","speechkit_response":"","speechkit_retries":"","_speechkit_link":"","_speechkit_text":""},"categories":[51,78,81],"tags":[2292,132,44,7235,72,46,162,64,103,111,52,79,130],"jetpack_featured_media_url":"https:\/\/pinews.com.br\/wp-content\/uploads\/2023\/09\/prisao-aeroporto1.jpg","_links":{"self":[{"href":"https:\/\/pinews.com.br\/index.php\/wp-json\/wp\/v2\/posts\/53151"}],"collection":[{"href":"https:\/\/pinews.com.br\/index.php\/wp-json\/wp\/v2\/posts"}],"about":[{"href":"https:\/\/pinews.com.br\/index.php\/wp-json\/wp\/v2\/types\/post"}],"author":[{"embeddable":true,"href":"https:\/\/pinews.com.br\/index.php\/wp-json\/wp\/v2\/users\/4"}],"replies":[{"embeddable":true,"href":"https:\/\/pinews.com.br\/index.php\/wp-json\/wp\/v2\/comments?post=53151"}],"version-history":[{"count":1,"href":"https:\/\/pinews.com.br\/index.php\/wp-json\/wp\/v2\/posts\/53151\/revisions"}],"predecessor-version":[{"id":53153,"href":"https:\/\/pinews.com.br\/index.php\/wp-json\/wp\/v2\/posts\/53151\/revisions\/53153"}],"wp:featuredmedia":[{"embeddable":true,"href":"https:\/\/pinews.com.br\/index.php\/wp-json\/wp\/v2\/media\/53152"}],"wp:attachment":[{"href":"https:\/\/pinews.com.br\/index.php\/wp-json\/wp\/v2\/media?parent=53151"}],"wp:term":[{"taxonomy":"category","embeddable":true,"href":"https:\/\/pinews.com.br\/index.php\/wp-json\/wp\/v2\/categories?post=53151"},{"taxonomy":"post_tag","embeddable":true,"href":"https:\/\/pinews.com.br\/index.php\/wp-json\/wp\/v2\/tags?post=53151"}],"curies":[{"name":"wp","href":"https:\/\/api.w.org\/{rel}","templated":true}]}}