{"id":53155,"date":"2023-09-22T18:07:28","date_gmt":"2023-09-22T21:07:28","guid":{"rendered":"https:\/\/pinews.com.br\/?p=53155"},"modified":"2023-09-22T18:07:30","modified_gmt":"2023-09-22T21:07:30","slug":"filho-suspeito-de-matar-e-enterrar-o-proprio-pai-no-piaui-preso-no-ceara","status":"publish","type":"post","link":"https:\/\/pinews.com.br\/index.php\/2023\/09\/22\/filho-suspeito-de-matar-e-enterrar-o-proprio-pai-no-piaui-preso-no-ceara\/","title":{"rendered":"Filho suspeito de matar e enterrar o pr\u00f3prio pai no Piau\u00ed preso no Cear\u00e1"},"content":{"rendered":"\n<p>Um homem de 28 anos identificado pelas iniciais I.F.D.C. foi preso pela morte do pr\u00f3prio pai. A pris\u00e3o aconteceu nesta sexta-feira (22) no munic\u00edpio de Poranga, no estado do Cear\u00e1. A a\u00e7\u00e3o foi resultado do trabalho conjunto Delegacia de Luzil\u00e2ndia com o Grupamento da Pol\u00edcia Militar de Joaquim Pires e a Pol\u00edcia Civil do estado vizinho.<\/p>\n\n\n\n<p>O crime aconteceu no \u00faltimo dia 15 na zona rural de Joaquim Pires (a 236 km de Teresina). A v\u00edtima, segundo informa\u00e7\u00f5es repassadas pelo delegado-titular de Luzil\u00e2ndia, Ant\u00f4nio Alves, teria sido atingida por golpes de arma branca, provavelmente uma foice ou enxada.<\/p>\n\n\n\n<p>Ap\u00f3s matar o pai, o filho ainda teria tentado esconder o corpo. &#8221;Ap\u00f3s a morte, a v\u00edtima foi escondida em uma esp\u00e9cie de &#8216;cova&#8217; no terreno da propriedade, na qual o filho estava morando com ele tamb\u00e9m, e teve o corpo parcialmente coberto, ocorrendo ainda crime de oculta\u00e7\u00e3o de cad\u00e1ver&#8221;, descreve o delegado.<\/p>\n\n\n\n<p>Um dia depois do crime, ele foi&nbsp;<a href=\"https:\/\/cidadeverde.com\/noticias\/399393\/homem-e-preso-suspeito-de-matar-e-enterrar-seu-pai-em-pedro-ii\">localizado pela pol\u00edcia em Pedro II<\/a>&nbsp;e conduzido para prestar esclarecimentos na Central de Flagrantes de Esperantina. L\u00e1, ele disse que outros elementos teriam assassinado o pai e ele teria fugido por medo de repres\u00e1lia. &#8220;Ele disse que chegaram tr\u00eas homens armado com arma de fogo e mataram o pai dele, s\u00f3 que a per\u00edcia comprovou que n\u00e3o foi tiro, s\u00f3 tinha corte de faca. (&#8230;) Ele mandou um \u00e1udio para os familiares, e depois falou para os policiais que fugiu porque estava com medo de ser morto pelos supostos autores do crime contra o pai&#8221;, disse \u00e0 \u00e9poca o comandante do grupamento de Pol\u00edcia Militar de Joaquim Pires, Francisco Vieira.<\/p>\n\n\n\n<p>Para a Pol\u00edcia Civil, no entanto, os ind\u00edcios apontam que o filho realmente \u00e9 o suspeito de cometer o crime contra o pai. O suspeito est\u00e1 agora a disposi\u00e7\u00e3o da justi\u00e7a e segue em pris\u00e3o tempor\u00e1ria.\u00a0<\/p>\n\n\n\n<p><strong>Fonte: Marina S\u00e9rvio e Roberto Araujo\/ Cidade Verde <\/strong><\/p>\n","protected":false},"excerpt":{"rendered":"<p>Um homem de 28 anos identificado pelas iniciais I.F.D.C. foi preso pela morte do pr\u00f3prio pai. A pris\u00e3o aconteceu nesta sexta-feira (22) no munic\u00edpio de Poranga, no estado do Cear\u00e1. A a\u00e7\u00e3o foi resultado do trabalho conjunto Delegacia de Luzil\u00e2ndia com o Grupamento da Pol\u00edcia Militar de Joaquim Pires e a Pol\u00edcia Civil do estado [&hellip;]<\/p>\n","protected":false},"author":4,"featured_media":53156,"comment_status":"open","ping_status":"open","sticky":false,"template":"","format":"standard","meta":{"beyondwords_generate_audio":"1","beyondwords_project_id":"","beyondwords_podcast_id":"","beyondwords_hash":"","beyondwords_error_message":"","beyondwords_disabled":"","publish_post_to_speechkit":"","speechkit_generate_audio":"","speechkit_project_id":"","speechkit_podcast_id":"","speechkit_hash":"","speechkit_error_message":"","speechkit_disabled":"","speechkit_access_key":"","speechkit_error":"","speechkit_info":"","speechkit_response":"","speechkit_retries":"","_speechkit_link":"","_speechkit_text":""},"categories":[51,78],"tags":[672,44,6472,289,85,290,52,79,86,130],"jetpack_featured_media_url":"https:\/\/pinews.com.br\/wp-content\/uploads\/2023\/09\/2ad0a927c9b3cad87d8d71a91898cba9.jpg","_links":{"self":[{"href":"https:\/\/pinews.com.br\/index.php\/wp-json\/wp\/v2\/posts\/53155"}],"collection":[{"href":"https:\/\/pinews.com.br\/index.php\/wp-json\/wp\/v2\/posts"}],"about":[{"href":"https:\/\/pinews.com.br\/index.php\/wp-json\/wp\/v2\/types\/post"}],"author":[{"embeddable":true,"href":"https:\/\/pinews.com.br\/index.php\/wp-json\/wp\/v2\/users\/4"}],"replies":[{"embeddable":true,"href":"https:\/\/pinews.com.br\/index.php\/wp-json\/wp\/v2\/comments?post=53155"}],"version-history":[{"count":1,"href":"https:\/\/pinews.com.br\/index.php\/wp-json\/wp\/v2\/posts\/53155\/revisions"}],"predecessor-version":[{"id":53157,"href":"https:\/\/pinews.com.br\/index.php\/wp-json\/wp\/v2\/posts\/53155\/revisions\/53157"}],"wp:featuredmedia":[{"embeddable":true,"href":"https:\/\/pinews.com.br\/index.php\/wp-json\/wp\/v2\/media\/53156"}],"wp:attachment":[{"href":"https:\/\/pinews.com.br\/index.php\/wp-json\/wp\/v2\/media?parent=53155"}],"wp:term":[{"taxonomy":"category","embeddable":true,"href":"https:\/\/pinews.com.br\/index.php\/wp-json\/wp\/v2\/categories?post=53155"},{"taxonomy":"post_tag","embeddable":true,"href":"https:\/\/pinews.com.br\/index.php\/wp-json\/wp\/v2\/tags?post=53155"}],"curies":[{"name":"wp","href":"https:\/\/api.w.org\/{rel}","templated":true}]}}