{"id":53238,"date":"2023-09-26T11:54:40","date_gmt":"2023-09-26T14:54:40","guid":{"rendered":"https:\/\/pinews.com.br\/?p=53238"},"modified":"2023-09-26T11:54:43","modified_gmt":"2023-09-26T14:54:43","slug":"homem-fica-gravemente-ferido-apos-colidir-em-s10-parada-no-semaforo-no-piaui","status":"publish","type":"post","link":"https:\/\/pinews.com.br\/index.php\/2023\/09\/26\/homem-fica-gravemente-ferido-apos-colidir-em-s10-parada-no-semaforo-no-piaui\/","title":{"rendered":"Homem fica gravemente ferido ap\u00f3s colidir em S10 parada no sem\u00e1foro no Piau\u00ed"},"content":{"rendered":"\n<p>Um homem identificado como Luis Rodrigues de Oliveira, morador do bairro Prado, ficou gravemente ferido ap\u00f3s colidir na traseira de um carro modelo Chevrolet S10 de cor preto, que estava parado no sem\u00e1foro na avenida Aderson Alves Ferreira, pr\u00f3ximo \u00e0 ponte do Biano.<\/p>\n\n\n\n<p>De acordo com informa\u00e7\u00f5es apuradas pelo&nbsp;<a href=\"https:\/\/piripirireporter.com\/noticias\/32063\" target=\"_blank\" rel=\"noreferrer noopener\"><strong>PIRIPIRI REPORTER<\/strong><\/a>, no momento do acidente o sem\u00e1foro estava vermelho e os ve\u00edculos parados, quando a v\u00edtima, que trafegava em uma moto Fan, de cor preta, n\u00e3o parou a tempo e colidiu na traseira da S10.<\/p>\n\n\n\n<p>Luis caiu desacordado e preocupou a todos no local. O motorista do ve\u00edculo s10 ligou imediatamente para o SAMU, que levou o homem para o pronto-socorro do Hospital Regional Chagas Rodrigues.<\/p>\n\n\n\n<p>Luis teve uma pequena fratura no cr\u00e2nio.&nbsp; Ele foi transferido para Parna\u00edba.<\/p>\n\n\n\n<p>A For\u00e7a T\u00e1tica da Pol\u00edcia Militar de Piripiri tamb\u00e9m esteve no local e realizou os procedimentos cab\u00edveis ao caso.<\/p>\n\n\n\n<p><strong>Fonte: 180 graus <\/strong><\/p>\n","protected":false},"excerpt":{"rendered":"<p>Um homem identificado como Luis Rodrigues de Oliveira, morador do bairro Prado, ficou gravemente ferido ap\u00f3s colidir na traseira de um carro modelo Chevrolet S10 de cor preto, que estava parado no sem\u00e1foro na avenida Aderson Alves Ferreira, pr\u00f3ximo \u00e0 ponte do Biano. De acordo com informa\u00e7\u00f5es apuradas pelo&nbsp;PIRIPIRI REPORTER, no momento do acidente o [&hellip;]<\/p>\n","protected":false},"author":4,"featured_media":53239,"comment_status":"open","ping_status":"open","sticky":false,"template":"","format":"standard","meta":{"beyondwords_generate_audio":"1","beyondwords_project_id":"","beyondwords_podcast_id":"","beyondwords_hash":"","beyondwords_error_message":"","beyondwords_disabled":"","publish_post_to_speechkit":"","speechkit_generate_audio":"","speechkit_project_id":"","speechkit_podcast_id":"","speechkit_hash":"","speechkit_error_message":"","speechkit_disabled":"","speechkit_access_key":"","speechkit_error":"","speechkit_info":"","speechkit_response":"","speechkit_retries":"","_speechkit_link":"","_speechkit_text":""},"categories":[51],"tags":[70,300,46,295,160,812,84,5309,52,7220,10955],"jetpack_featured_media_url":"https:\/\/pinews.com.br\/wp-content\/uploads\/2023\/09\/reproducao_8400072028791364898.jpg","_links":{"self":[{"href":"https:\/\/pinews.com.br\/index.php\/wp-json\/wp\/v2\/posts\/53238"}],"collection":[{"href":"https:\/\/pinews.com.br\/index.php\/wp-json\/wp\/v2\/posts"}],"about":[{"href":"https:\/\/pinews.com.br\/index.php\/wp-json\/wp\/v2\/types\/post"}],"author":[{"embeddable":true,"href":"https:\/\/pinews.com.br\/index.php\/wp-json\/wp\/v2\/users\/4"}],"replies":[{"embeddable":true,"href":"https:\/\/pinews.com.br\/index.php\/wp-json\/wp\/v2\/comments?post=53238"}],"version-history":[{"count":1,"href":"https:\/\/pinews.com.br\/index.php\/wp-json\/wp\/v2\/posts\/53238\/revisions"}],"predecessor-version":[{"id":53240,"href":"https:\/\/pinews.com.br\/index.php\/wp-json\/wp\/v2\/posts\/53238\/revisions\/53240"}],"wp:featuredmedia":[{"embeddable":true,"href":"https:\/\/pinews.com.br\/index.php\/wp-json\/wp\/v2\/media\/53239"}],"wp:attachment":[{"href":"https:\/\/pinews.com.br\/index.php\/wp-json\/wp\/v2\/media?parent=53238"}],"wp:term":[{"taxonomy":"category","embeddable":true,"href":"https:\/\/pinews.com.br\/index.php\/wp-json\/wp\/v2\/categories?post=53238"},{"taxonomy":"post_tag","embeddable":true,"href":"https:\/\/pinews.com.br\/index.php\/wp-json\/wp\/v2\/tags?post=53238"}],"curies":[{"name":"wp","href":"https:\/\/api.w.org\/{rel}","templated":true}]}}