{"id":53288,"date":"2023-09-27T17:15:35","date_gmt":"2023-09-27T20:15:35","guid":{"rendered":"https:\/\/pinews.com.br\/?p=53288"},"modified":"2023-09-27T17:15:38","modified_gmt":"2023-09-27T20:15:38","slug":"homem-e-preso-e-menor-e-apreendido-por-trafico-de-drogas-no-interior-do-piaui","status":"publish","type":"post","link":"https:\/\/pinews.com.br\/index.php\/2023\/09\/27\/homem-e-preso-e-menor-e-apreendido-por-trafico-de-drogas-no-interior-do-piaui\/","title":{"rendered":"Homem \u00e9 preso e menor \u00e9 apreendido por tr\u00e1fico de drogas no interior do Piau\u00ed"},"content":{"rendered":"\n<p>A Pol\u00edcia Civil do Piau\u00ed, por meio da Delegacia de Jos\u00e9 de Freitas, deflagrou na manh\u00e3 desta quarta-feira (27\/09), a opera\u00e7\u00e3o Despedida, que teve como objetivo dar cumprimento a mandados de pris\u00e3o em desfavor de acusados de tr\u00e1fico de drogas. Durante a a\u00e7\u00e3o um homem identificado pelas iniciais F.W.N.R, 23 anos, foi preso e um menor de 16 anos foi apreendido. <\/p>\n\n\n\n<p>O titular da Delegacia de Jos\u00e9 de Freitas, delegado Andr\u00e9 Moreno, afirmou que no momento da abordagem, F.W.N.R., reagiu e efetuou disparos de arma de fogo contra os agentes de seguran\u00e7a, que posteriormente conseguiram realizar a captura do criminoso.&nbsp;<\/p>\n\n\n\n<p>\u201cNa resid\u00eancia do maior de idade foi encontrado duas armas de fogo, sete aparelhos celulares, muni\u00e7\u00f5es, carregadores, dinheiro trocado e drogas. O preso deve responder \u00a0 pelos crimes de tr\u00e1fico de drogas, posse de arma de fogo e resist\u00eancia\u201d, disse o delegado. \u00a0<\/p>\n\n\n\n<p>A opera\u00e7\u00e3o foi realizada com apoio da Pol\u00edcia Militar e da Guarda Municipal de Jos\u00e9 de Freitas.<\/p>\n\n\n\n<p><strong>Fonte: 180 graus<\/strong><\/p>\n","protected":false},"excerpt":{"rendered":"<p>A Pol\u00edcia Civil do Piau\u00ed, por meio da Delegacia de Jos\u00e9 de Freitas, deflagrou na manh\u00e3 desta quarta-feira (27\/09), a opera\u00e7\u00e3o Despedida, que teve como objetivo dar cumprimento a mandados de pris\u00e3o em desfavor de acusados de tr\u00e1fico de drogas. Durante a a\u00e7\u00e3o um homem identificado pelas iniciais F.W.N.R, 23 anos, foi preso e um [&hellip;]<\/p>\n","protected":false},"author":4,"featured_media":53289,"comment_status":"open","ping_status":"open","sticky":false,"template":"","format":"standard","meta":{"beyondwords_generate_audio":"1","beyondwords_project_id":"","beyondwords_podcast_id":"","beyondwords_hash":"","beyondwords_error_message":"","beyondwords_disabled":"","publish_post_to_speechkit":"","speechkit_generate_audio":"","speechkit_project_id":"","speechkit_podcast_id":"","speechkit_hash":"","speechkit_error_message":"","speechkit_disabled":"","speechkit_access_key":"","speechkit_error":"","speechkit_info":"","speechkit_response":"","speechkit_retries":"","_speechkit_link":"","_speechkit_text":""},"categories":[51,78],"tags":[1117,44,193,72,84,716,1549,52,59,79,195],"jetpack_featured_media_url":"https:\/\/pinews.com.br\/wp-content\/uploads\/2023\/09\/51_-8808721730171396551.jpeg","_links":{"self":[{"href":"https:\/\/pinews.com.br\/index.php\/wp-json\/wp\/v2\/posts\/53288"}],"collection":[{"href":"https:\/\/pinews.com.br\/index.php\/wp-json\/wp\/v2\/posts"}],"about":[{"href":"https:\/\/pinews.com.br\/index.php\/wp-json\/wp\/v2\/types\/post"}],"author":[{"embeddable":true,"href":"https:\/\/pinews.com.br\/index.php\/wp-json\/wp\/v2\/users\/4"}],"replies":[{"embeddable":true,"href":"https:\/\/pinews.com.br\/index.php\/wp-json\/wp\/v2\/comments?post=53288"}],"version-history":[{"count":1,"href":"https:\/\/pinews.com.br\/index.php\/wp-json\/wp\/v2\/posts\/53288\/revisions"}],"predecessor-version":[{"id":53290,"href":"https:\/\/pinews.com.br\/index.php\/wp-json\/wp\/v2\/posts\/53288\/revisions\/53290"}],"wp:featuredmedia":[{"embeddable":true,"href":"https:\/\/pinews.com.br\/index.php\/wp-json\/wp\/v2\/media\/53289"}],"wp:attachment":[{"href":"https:\/\/pinews.com.br\/index.php\/wp-json\/wp\/v2\/media?parent=53288"}],"wp:term":[{"taxonomy":"category","embeddable":true,"href":"https:\/\/pinews.com.br\/index.php\/wp-json\/wp\/v2\/categories?post=53288"},{"taxonomy":"post_tag","embeddable":true,"href":"https:\/\/pinews.com.br\/index.php\/wp-json\/wp\/v2\/tags?post=53288"}],"curies":[{"name":"wp","href":"https:\/\/api.w.org\/{rel}","templated":true}]}}