{"id":53298,"date":"2023-09-27T20:50:31","date_gmt":"2023-09-27T23:50:31","guid":{"rendered":"https:\/\/pinews.com.br\/?p=53298"},"modified":"2023-09-27T20:50:34","modified_gmt":"2023-09-27T23:50:34","slug":"homem-e-preso-suspeito-de-estuprar-a-propria-neta-de-11-anos-no-piaui","status":"publish","type":"post","link":"https:\/\/pinews.com.br\/index.php\/2023\/09\/27\/homem-e-preso-suspeito-de-estuprar-a-propria-neta-de-11-anos-no-piaui\/","title":{"rendered":"Homem \u00e9 preso suspeito de estuprar a pr\u00f3pria neta de 11 anos no Piau\u00ed"},"content":{"rendered":"\n<p>A Pol\u00edcia Civil do Piau\u00ed prendeu um homem de 52 anos, no povoado Corredeiras, zona rural de Luzil\u00e2ndia, na manh\u00e3 desta quarta-feira (27\/09).<\/p>\n\n\n\n<p>O homem, natural de Luzil\u00e2ndia, foi preso devido inqu\u00e9rito que investiga crime de estupro de vulner\u00e1vel. A pris\u00e3o foi de esp\u00e9cie tempor\u00e1ria e realizada pela Delegacia de Luzil\u00e2ndia.<\/p>\n\n\n\n<p>Conforme o delegado-titular de Luzil\u00e2ndia, Ant\u00f4nio Alves, a investiga\u00e7\u00e3o preliminar aponta que o preso abusou sexualmente de sua neta, filha de um filho adotivo, quando a mesma tinha 11 anos. Consta ainda que o suspeito intimidava a v\u00edtima a fim de que os fatos n\u00e3o fossem denunciados.<\/p>\n\n\n\n<p>Agora o preso encontra-se \u00e0 disposi\u00e7\u00e3o do Poder Judici\u00e1rio.<\/p>\n\n\n\n<p>Para colaborar com a seguran\u00e7a p\u00fablica de Luzil\u00e2ndia e das adjac\u00eancias, a popula\u00e7\u00e3o pode fazer den\u00fancias an\u00f4nimas pelo WhatsApp (85) 99921-3298.<\/p>\n\n\n\n<p><strong>Fonte: 180 graus <\/strong><\/p>\n","protected":false},"excerpt":{"rendered":"<p>A Pol\u00edcia Civil do Piau\u00ed prendeu um homem de 52 anos, no povoado Corredeiras, zona rural de Luzil\u00e2ndia, na manh\u00e3 desta quarta-feira (27\/09). O homem, natural de Luzil\u00e2ndia, foi preso devido inqu\u00e9rito que investiga crime de estupro de vulner\u00e1vel. A pris\u00e3o foi de esp\u00e9cie tempor\u00e1ria e realizada pela Delegacia de Luzil\u00e2ndia. Conforme o delegado-titular de [&hellip;]<\/p>\n","protected":false},"author":1,"featured_media":53299,"comment_status":"open","ping_status":"open","sticky":false,"template":"","format":"standard","meta":{"beyondwords_generate_audio":"1","beyondwords_project_id":"","beyondwords_podcast_id":"","beyondwords_hash":"","beyondwords_error_message":"","beyondwords_disabled":"","publish_post_to_speechkit":"","speechkit_generate_audio":"","speechkit_project_id":"","speechkit_podcast_id":"","speechkit_hash":"","speechkit_error_message":"","speechkit_disabled":"","speechkit_access_key":"","speechkit_error":"","speechkit_info":"","speechkit_response":"","speechkit_retries":"","_speechkit_link":"","_speechkit_text":""},"categories":[51,78],"tags":[3631,82,44,72,348,84,6442,52,79,92,130],"jetpack_featured_media_url":"https:\/\/pinews.com.br\/wp-content\/uploads\/2023\/09\/delegacia-de-luzilandia_-8677686003749284645.webp","_links":{"self":[{"href":"https:\/\/pinews.com.br\/index.php\/wp-json\/wp\/v2\/posts\/53298"}],"collection":[{"href":"https:\/\/pinews.com.br\/index.php\/wp-json\/wp\/v2\/posts"}],"about":[{"href":"https:\/\/pinews.com.br\/index.php\/wp-json\/wp\/v2\/types\/post"}],"author":[{"embeddable":true,"href":"https:\/\/pinews.com.br\/index.php\/wp-json\/wp\/v2\/users\/1"}],"replies":[{"embeddable":true,"href":"https:\/\/pinews.com.br\/index.php\/wp-json\/wp\/v2\/comments?post=53298"}],"version-history":[{"count":1,"href":"https:\/\/pinews.com.br\/index.php\/wp-json\/wp\/v2\/posts\/53298\/revisions"}],"predecessor-version":[{"id":53300,"href":"https:\/\/pinews.com.br\/index.php\/wp-json\/wp\/v2\/posts\/53298\/revisions\/53300"}],"wp:featuredmedia":[{"embeddable":true,"href":"https:\/\/pinews.com.br\/index.php\/wp-json\/wp\/v2\/media\/53299"}],"wp:attachment":[{"href":"https:\/\/pinews.com.br\/index.php\/wp-json\/wp\/v2\/media?parent=53298"}],"wp:term":[{"taxonomy":"category","embeddable":true,"href":"https:\/\/pinews.com.br\/index.php\/wp-json\/wp\/v2\/categories?post=53298"},{"taxonomy":"post_tag","embeddable":true,"href":"https:\/\/pinews.com.br\/index.php\/wp-json\/wp\/v2\/tags?post=53298"}],"curies":[{"name":"wp","href":"https:\/\/api.w.org\/{rel}","templated":true}]}}