{"id":53317,"date":"2023-09-28T18:08:41","date_gmt":"2023-09-28T21:08:41","guid":{"rendered":"https:\/\/pinews.com.br\/?p=53317"},"modified":"2023-09-28T18:08:43","modified_gmt":"2023-09-28T21:08:43","slug":"picos-e-teresina-batem-recorde-no-consumo-de-energia-no-b-r-o-bro","status":"publish","type":"post","link":"https:\/\/pinews.com.br\/index.php\/2023\/09\/28\/picos-e-teresina-batem-recorde-no-consumo-de-energia-no-b-r-o-bro\/","title":{"rendered":"Picos e Teresina batem recorde no consumo de energia no B-R-O Br\u00f3"},"content":{"rendered":"\n<p>O Piau\u00ed bateu recorde no consumo de energia el\u00e9trica durante o B-R-O Br\u00f3, per\u00edodo do ano de altas temperaturas no estado. Segundo a Equatorial Piau\u00ed, concession\u00e1ria respons\u00e1vel pelo servi\u00e7o no estado, esse aumento est\u00e1 relacionado ao uso de equipamentos usados para amenizar os efeitos do calor.&nbsp;<\/p>\n\n\n\n<p>De acordo com um levantamento realizado pela empresa, as duas maiores demandas de energia dos \u00faltimos dez anos aconteceram neste m\u00eas de setembro.\u00a0No dia 25,\u00a0foi registrada a demanda m\u00e1xima de 905 MW \u00e0s 23h, a maior da hist\u00f3ria, enquanto no dia 21, \u00e0s 23h, foi registrado 877 MW de demanda m\u00e1xima.<\/p>\n\n\n\n<p>\u201cNaturalmente, no per\u00edodo da noite as pessoas tendem a ficar mais em casa e, consequentemente, fazer o uso mais frequente de aparelhos de ar-condicionado, ventilador, climatizador, entre outros.&nbsp;<strong>Por esse motivo, \u00e9 que nesse hor\u00e1rio das 23h registramos as maiores demandas de energia.&nbsp;<\/strong>A tend\u00eancia \u00e9 que no m\u00eas de outubro essa demanda seja maior, uma vez que tradicionalmente o m\u00eas \u00e9 um dos mais quente\u201d, afirmou Abra\u00e3o Galeno, executivo de estudos operacionais da Equatorial Piau\u00ed.&nbsp;&nbsp;<\/p>\n\n\n\n<p><strong>Confira o ranking das cidades com maior aumento no consumo de energia no Piau\u00ed:<\/strong><\/p>\n\n\n\n<figure class=\"wp-block-table\"><table><tbody><tr><td><strong>Munic\u00edpio<\/strong><\/td><td><strong>Agosto\/2022<\/strong><\/td><td><strong>Agosto\/2023<\/strong><\/td><td><strong>Crescimento<\/strong><\/td><\/tr><tr><td>Picos<\/td><td>11.332 MWh<\/td><td>12.986 MWh<\/td><td>14,60%<\/td><\/tr><tr><td>Teresina<\/td><td>141.270 MWh<\/td><td>159. 934 MWh<\/td><td>13,21%<\/td><\/tr><tr><td>Floriano<\/td><td>10.578 MWh<\/td><td>11.879 MWh<\/td><td>12,30%<\/td><\/tr><tr><td>Piripiri<\/td><td>5.894 MWh<\/td><td>6.582 MWh<\/td><td>11,67%<\/td><\/tr><tr><td>Parna\u00edba<\/td><td>28.199 MWh<\/td><td>31.249 MWh<\/td><td>10,82%<\/td><\/tr><\/tbody><\/table><\/figure>\n\n\n\n<p>Diante desse cen\u00e1rio, a empresa orienta a popula\u00e7\u00e3o a adotar algumas a\u00e7\u00f5es para o uso de energia el\u00e9trica de forma consciente e economizar na fatura mensal:&nbsp;<\/p>\n\n\n\n<blockquote class=\"wp-block-quote\">\n<ul>\n<li>Aparelhos eletr\u00f4nicos devem ser sempre desligados da tomada quando n\u00e3o estiverem sendo utilizados, tendo em vista, que mesmo em modo stand-by acabam consumindo energia;<\/li>\n\n\n\n<li>O ideal \u00e9 que ar-condicionado possa ficar com a temperatura pr\u00f3xima a 23\u00b0C, abaixo disso acabando for\u00e7ando um consumo maior de energia.&nbsp;&nbsp;<\/li>\n\n\n\n<li>O consumidor pode programar o ar-condicionado para desligar sozinho ap\u00f3s alcan\u00e7ar a temperatura ideal.<\/li>\n\n\n\n<li>Evite deixar l\u00e2mpadas ligadas durante o dia, principalmente da \u00e1rea externa da casa. \u00c0 noite, desligue as l\u00e2mpadas dos ambientes que voc\u00ea n\u00e3o estiver utilizando.<\/li>\n<\/ul>\n<\/blockquote>\n\n\n\n<p>\u201cEm rela\u00e7\u00e3o \u00e0 geladeira, \u00e9 recomendado evitar ficar abrindo de forma frequente, porque quanto mais tempo ficar aberta mais alto ser\u00e1 o consumo do eletrodom\u00e9stico. Por fim, outra orienta\u00e7\u00e3o \u00e9 sempre ficar atento as manuten\u00e7\u00f5es recomendadas no manual pelos fabricantes dos eletrodom\u00e9sticos e ao adquirir novos equipamentos, buscar sempre aqueles que possuem Selo Procel A, pois consomem menos energia\u201d, concluiu o executivo.\u00a0<\/p>\n\n\n\n<p><strong>Fonte: Breno Moreno\/ Cidade Verde\/ Com informa\u00e7\u00f5es da Equatorial Piau\u00ed<\/strong><\/p>\n","protected":false},"excerpt":{"rendered":"<p>O Piau\u00ed bateu recorde no consumo de energia el\u00e9trica durante o B-R-O Br\u00f3, per\u00edodo do ano de altas temperaturas no estado. Segundo a Equatorial Piau\u00ed, concession\u00e1ria respons\u00e1vel pelo servi\u00e7o no estado, esse aumento est\u00e1 relacionado ao uso de equipamentos usados para amenizar os efeitos do calor.&nbsp; De acordo com um levantamento realizado pela empresa, as [&hellip;]<\/p>\n","protected":false},"author":4,"featured_media":53318,"comment_status":"open","ping_status":"open","sticky":false,"template":"","format":"standard","meta":{"beyondwords_generate_audio":"1","beyondwords_project_id":"","beyondwords_podcast_id":"","beyondwords_hash":"","beyondwords_error_message":"","beyondwords_disabled":"","publish_post_to_speechkit":"","speechkit_generate_audio":"","speechkit_project_id":"","speechkit_podcast_id":"","speechkit_hash":"","speechkit_error_message":"","speechkit_disabled":"","speechkit_access_key":"","speechkit_error":"","speechkit_info":"","speechkit_response":"","speechkit_retries":"","_speechkit_link":"","_speechkit_text":""},"categories":[51,126,81],"tags":[10993,6084,6253,44,1976,125,2559,187],"jetpack_featured_media_url":"https:\/\/pinews.com.br\/wp-content\/uploads\/2023\/09\/5c2407d20c028f5fb15b849afbcce12e.jpg","_links":{"self":[{"href":"https:\/\/pinews.com.br\/index.php\/wp-json\/wp\/v2\/posts\/53317"}],"collection":[{"href":"https:\/\/pinews.com.br\/index.php\/wp-json\/wp\/v2\/posts"}],"about":[{"href":"https:\/\/pinews.com.br\/index.php\/wp-json\/wp\/v2\/types\/post"}],"author":[{"embeddable":true,"href":"https:\/\/pinews.com.br\/index.php\/wp-json\/wp\/v2\/users\/4"}],"replies":[{"embeddable":true,"href":"https:\/\/pinews.com.br\/index.php\/wp-json\/wp\/v2\/comments?post=53317"}],"version-history":[{"count":1,"href":"https:\/\/pinews.com.br\/index.php\/wp-json\/wp\/v2\/posts\/53317\/revisions"}],"predecessor-version":[{"id":53319,"href":"https:\/\/pinews.com.br\/index.php\/wp-json\/wp\/v2\/posts\/53317\/revisions\/53319"}],"wp:featuredmedia":[{"embeddable":true,"href":"https:\/\/pinews.com.br\/index.php\/wp-json\/wp\/v2\/media\/53318"}],"wp:attachment":[{"href":"https:\/\/pinews.com.br\/index.php\/wp-json\/wp\/v2\/media?parent=53317"}],"wp:term":[{"taxonomy":"category","embeddable":true,"href":"https:\/\/pinews.com.br\/index.php\/wp-json\/wp\/v2\/categories?post=53317"},{"taxonomy":"post_tag","embeddable":true,"href":"https:\/\/pinews.com.br\/index.php\/wp-json\/wp\/v2\/tags?post=53317"}],"curies":[{"name":"wp","href":"https:\/\/api.w.org\/{rel}","templated":true}]}}