{"id":53353,"date":"2023-09-30T10:43:53","date_gmt":"2023-09-30T13:43:53","guid":{"rendered":"https:\/\/pinews.com.br\/?p=53353"},"modified":"2023-09-30T10:43:55","modified_gmt":"2023-09-30T13:43:55","slug":"homem-e-preso-acusado-de-agressao-contra-mae-no-piaui-apos-discussao-domestica","status":"publish","type":"post","link":"https:\/\/pinews.com.br\/index.php\/2023\/09\/30\/homem-e-preso-acusado-de-agressao-contra-mae-no-piaui-apos-discussao-domestica\/","title":{"rendered":"Homem \u00e9 preso acusado de agress\u00e3o contra m\u00e3e no Piau\u00ed ap\u00f3s discuss\u00e3o dom\u00e9stica"},"content":{"rendered":"\n<p>Na noite de sexta-feira (29\/09), um indiv\u00edduo cuja identidade permanece an\u00f4nima foi detido pela Pol\u00edcia Militar sob acusa\u00e7\u00e3o de agress\u00e3o. A v\u00edtima da agress\u00e3o foi sua pr\u00f3pria m\u00e3e, ap\u00f3s uma discuss\u00e3o em sua resid\u00eancia no bairro Lourival Parente, localizado na zona Sul de Teresina.<\/p>\n\n\n\n<p>A causa subjacente da briga n\u00e3o foi divulgada, contudo, de acordo com as autoridades policiais, ela teria sido desencadeada por um motivo considerado trivial.<\/p>\n\n\n\n<p>Posteriormente, o suspeito foi conduzido \u00e0 Central de Flagrantes de Teresina, onde manteve um comportamento agressivo, mesmo na presen\u00e7a das for\u00e7as policiais. A v\u00edtima tamb\u00e9m esteve presente na delegacia.<\/p>\n\n\n\n<p>Atualmente, o indiv\u00edduo est\u00e1 \u00e0 disposi\u00e7\u00e3o da justi\u00e7a para prestar depoimento e enfrentar as medidas legais cab\u00edveis.<\/p>\n\n\n\n<p><strong>Fonte: 180 graus<\/strong><\/p>\n","protected":false},"excerpt":{"rendered":"<p>Na noite de sexta-feira (29\/09), um indiv\u00edduo cuja identidade permanece an\u00f4nima foi detido pela Pol\u00edcia Militar sob acusa\u00e7\u00e3o de agress\u00e3o. A v\u00edtima da agress\u00e3o foi sua pr\u00f3pria m\u00e3e, ap\u00f3s uma discuss\u00e3o em sua resid\u00eancia no bairro Lourival Parente, localizado na zona Sul de Teresina. A causa subjacente da briga n\u00e3o foi divulgada, contudo, de acordo [&hellip;]<\/p>\n","protected":false},"author":4,"featured_media":53354,"comment_status":"open","ping_status":"open","sticky":false,"template":"","format":"standard","meta":{"beyondwords_generate_audio":"1","beyondwords_project_id":"","beyondwords_podcast_id":"","beyondwords_hash":"","beyondwords_error_message":"","beyondwords_disabled":"","publish_post_to_speechkit":"","speechkit_generate_audio":"","speechkit_project_id":"","speechkit_podcast_id":"","speechkit_hash":"","speechkit_error_message":"","speechkit_disabled":"","speechkit_access_key":"","speechkit_error":"","speechkit_info":"","speechkit_response":"","speechkit_retries":"","_speechkit_link":"","_speechkit_text":""},"categories":[51,78,81],"tags":[1273,501,70,294,44,831,2933,72,84,117,52,79],"jetpack_featured_media_url":"https:\/\/pinews.com.br\/wp-content\/uploads\/2023\/09\/policia-militar_1550492627205717411-1.jpg","_links":{"self":[{"href":"https:\/\/pinews.com.br\/index.php\/wp-json\/wp\/v2\/posts\/53353"}],"collection":[{"href":"https:\/\/pinews.com.br\/index.php\/wp-json\/wp\/v2\/posts"}],"about":[{"href":"https:\/\/pinews.com.br\/index.php\/wp-json\/wp\/v2\/types\/post"}],"author":[{"embeddable":true,"href":"https:\/\/pinews.com.br\/index.php\/wp-json\/wp\/v2\/users\/4"}],"replies":[{"embeddable":true,"href":"https:\/\/pinews.com.br\/index.php\/wp-json\/wp\/v2\/comments?post=53353"}],"version-history":[{"count":1,"href":"https:\/\/pinews.com.br\/index.php\/wp-json\/wp\/v2\/posts\/53353\/revisions"}],"predecessor-version":[{"id":53355,"href":"https:\/\/pinews.com.br\/index.php\/wp-json\/wp\/v2\/posts\/53353\/revisions\/53355"}],"wp:featuredmedia":[{"embeddable":true,"href":"https:\/\/pinews.com.br\/index.php\/wp-json\/wp\/v2\/media\/53354"}],"wp:attachment":[{"href":"https:\/\/pinews.com.br\/index.php\/wp-json\/wp\/v2\/media?parent=53353"}],"wp:term":[{"taxonomy":"category","embeddable":true,"href":"https:\/\/pinews.com.br\/index.php\/wp-json\/wp\/v2\/categories?post=53353"},{"taxonomy":"post_tag","embeddable":true,"href":"https:\/\/pinews.com.br\/index.php\/wp-json\/wp\/v2\/tags?post=53353"}],"curies":[{"name":"wp","href":"https:\/\/api.w.org\/{rel}","templated":true}]}}