{"id":53366,"date":"2023-09-30T21:06:33","date_gmt":"2023-10-01T00:06:33","guid":{"rendered":"https:\/\/pinews.com.br\/?p=53366"},"modified":"2023-09-30T21:06:35","modified_gmt":"2023-10-01T00:06:35","slug":"homem-e-baleado-apos-se-negar-a-dar-chave-de-moto-para-assaltantes-no-piaui-suspeito-e-detido","status":"publish","type":"post","link":"https:\/\/pinews.com.br\/index.php\/2023\/09\/30\/homem-e-baleado-apos-se-negar-a-dar-chave-de-moto-para-assaltantes-no-piaui-suspeito-e-detido\/","title":{"rendered":"Homem \u00e9 baleado ap\u00f3s se negar a dar chave de moto para assaltantes no Piau\u00ed; suspeito \u00e9 detido"},"content":{"rendered":"\n<p>Um homem identificado Adriano Gomes dos Santos, 41 anos, foi baleado no ombro, na tarde deste s\u00e1bado (30), durante tentativa de assalto no bairro Sat\u00e9lite, Zona Leste de\u00a0Teresina. Segundo a Pol\u00edcia Militar, o rapaz teria se negado a dar a chave da moto ao assaltante.<\/p>\n\n\n\n<p>&#8220;Adriano estava se preparando para ir ao trabalho, quando foi surpreendido por dois assaltantes que transitavam em uma motocicleta. O criminoso da garupa estava armado e tentou impedir a sa\u00edda da v\u00edtima, que foi baleada ap\u00f3s se desfazer da chave da moto para n\u00e3o entreg\u00e1-la ao assaltante&#8221;, informou o comandante do 5\u00ba Batalh\u00e3o da Pol\u00edcia Militar, tenente-coronel Marcos Ant\u00f4nio.<\/p>\n\n\n\n<p>O rapaz foi socorrido e encaminhado para a Unidade de Pronto Atendimento (UPA) do Sat\u00e9lite. Ap\u00f3s exames constatou-se que ele n\u00e3o sofreu les\u00f5es e foi liberado em seguida.<\/p>\n\n\n\n<p>Um dos suspeitos do assalto, Joseph Machado da Ponte Neto, foi detido por populares e conduzido para a Central de Flagrantes.<\/p>\n\n\n\n<p><strong>Fonte: G1 PI<\/strong><\/p>\n","protected":false},"excerpt":{"rendered":"<p>Um homem identificado Adriano Gomes dos Santos, 41 anos, foi baleado no ombro, na tarde deste s\u00e1bado (30), durante tentativa de assalto no bairro Sat\u00e9lite, Zona Leste de\u00a0Teresina. Segundo a Pol\u00edcia Militar, o rapaz teria se negado a dar a chave da moto ao assaltante. &#8220;Adriano estava se preparando para ir ao trabalho, quando foi [&hellip;]<\/p>\n","protected":false},"author":1,"featured_media":53367,"comment_status":"open","ping_status":"open","sticky":false,"template":"","format":"standard","meta":{"beyondwords_generate_audio":"1","beyondwords_project_id":"","beyondwords_podcast_id":"","beyondwords_hash":"","beyondwords_error_message":"","beyondwords_disabled":"","publish_post_to_speechkit":"","speechkit_generate_audio":"","speechkit_project_id":"","speechkit_podcast_id":"","speechkit_hash":"","speechkit_error_message":"","speechkit_disabled":"","speechkit_access_key":"","speechkit_error":"","speechkit_info":"","speechkit_response":"","speechkit_retries":"","_speechkit_link":"","_speechkit_text":""},"categories":[51,78,81],"tags":[70,1614,854,10544,5802,44,736,72,84,304,6689,350,52,129,130],"jetpack_featured_media_url":"https:\/\/pinews.com.br\/wp-content\/uploads\/2023\/09\/suspeito-preso.jpg","_links":{"self":[{"href":"https:\/\/pinews.com.br\/index.php\/wp-json\/wp\/v2\/posts\/53366"}],"collection":[{"href":"https:\/\/pinews.com.br\/index.php\/wp-json\/wp\/v2\/posts"}],"about":[{"href":"https:\/\/pinews.com.br\/index.php\/wp-json\/wp\/v2\/types\/post"}],"author":[{"embeddable":true,"href":"https:\/\/pinews.com.br\/index.php\/wp-json\/wp\/v2\/users\/1"}],"replies":[{"embeddable":true,"href":"https:\/\/pinews.com.br\/index.php\/wp-json\/wp\/v2\/comments?post=53366"}],"version-history":[{"count":1,"href":"https:\/\/pinews.com.br\/index.php\/wp-json\/wp\/v2\/posts\/53366\/revisions"}],"predecessor-version":[{"id":53368,"href":"https:\/\/pinews.com.br\/index.php\/wp-json\/wp\/v2\/posts\/53366\/revisions\/53368"}],"wp:featuredmedia":[{"embeddable":true,"href":"https:\/\/pinews.com.br\/index.php\/wp-json\/wp\/v2\/media\/53367"}],"wp:attachment":[{"href":"https:\/\/pinews.com.br\/index.php\/wp-json\/wp\/v2\/media?parent=53366"}],"wp:term":[{"taxonomy":"category","embeddable":true,"href":"https:\/\/pinews.com.br\/index.php\/wp-json\/wp\/v2\/categories?post=53366"},{"taxonomy":"post_tag","embeddable":true,"href":"https:\/\/pinews.com.br\/index.php\/wp-json\/wp\/v2\/tags?post=53366"}],"curies":[{"name":"wp","href":"https:\/\/api.w.org\/{rel}","templated":true}]}}