{"id":53375,"date":"2023-10-01T12:37:19","date_gmt":"2023-10-01T15:37:19","guid":{"rendered":"https:\/\/pinews.com.br\/?p=53375"},"modified":"2023-10-01T12:37:20","modified_gmt":"2023-10-01T15:37:20","slug":"homem-e-preso-pela-setima-vez-pelo-mesmo-motivo-no-piaui","status":"publish","type":"post","link":"https:\/\/pinews.com.br\/index.php\/2023\/10\/01\/homem-e-preso-pela-setima-vez-pelo-mesmo-motivo-no-piaui\/","title":{"rendered":"Homem \u00e9 preso pela s\u00e9tima vez pelo mesmo motivo no Piau\u00ed"},"content":{"rendered":"\n<p>Um homem identificado por Domingos Rocinha foi preso pela 7\u00aa vez em Nossa Senhora de Nazar\u00e9 (PI). A pris\u00e3o aconteceu por volta das 12h da \u00faltima sexta-feira (29\/09) na pra\u00e7a central da cidade, localizada no norte do Piau\u00ed. <\/p>\n\n\n\n<p>Segundo a Pol\u00edcia |Militar, o acusado foi preso em flagrante por conduzir ve\u00edculo com capacidade psicomotora alterada em raz\u00e3o de influ\u00eancia de \u00e1lcool ou droga, ART 306 CTB.<\/p>\n\n\n\n<p>A guarni\u00e7\u00e3o do Grupamento da Pol\u00edcia Militar (GPM) estava fazendo rondas quando os policiais perceberam que o autor estava conduzindo uma motocicleta visivelmente embriagado, e em seguida deram voz de pris\u00e3o.<\/p>\n\n\n\n<p>O autor resistiu \u00e0 voz de pris\u00e3o e foi necess\u00e1rio o uso da for\u00e7a proporcional para cont\u00ea-lo. O mesmo foi conduzido para a Delegacia Regional na cidade de Campo Maior (PI).<\/p>\n\n\n\n<p>Domingos Rocinha j\u00e1 foi preso outras vezes pela mesma pr\u00e1tica e tem determina\u00e7\u00e3o Judicial proibindo o mesmo de pilotar ve\u00edculo automotor. Tamb\u00e9m tem diversas passagens pela Pol\u00edcia por agredir a m\u00e3e, confus\u00e3o em bar, e embriaguez ao volante.<\/p>\n\n\n\n<p><strong>Fonte: 180 graus\/ As informa\u00e7\u00f5es s\u00e3o do Portal Longah<\/strong><\/p>\n","protected":false},"excerpt":{"rendered":"<p>Um homem identificado por Domingos Rocinha foi preso pela 7\u00aa vez em Nossa Senhora de Nazar\u00e9 (PI). A pris\u00e3o aconteceu por volta das 12h da \u00faltima sexta-feira (29\/09) na pra\u00e7a central da cidade, localizada no norte do Piau\u00ed. Segundo a Pol\u00edcia |Militar, o acusado foi preso em flagrante por conduzir ve\u00edculo com capacidade psicomotora alterada [&hellip;]<\/p>\n","protected":false},"author":4,"featured_media":53376,"comment_status":"open","ping_status":"open","sticky":false,"template":"","format":"standard","meta":{"beyondwords_generate_audio":"1","beyondwords_project_id":"","beyondwords_podcast_id":"","beyondwords_hash":"","beyondwords_error_message":"","beyondwords_disabled":"","publish_post_to_speechkit":"","speechkit_generate_audio":"","speechkit_project_id":"","speechkit_podcast_id":"","speechkit_hash":"","speechkit_error_message":"","speechkit_disabled":"","speechkit_access_key":"","speechkit_error":"","speechkit_info":"","speechkit_response":"","speechkit_retries":"","_speechkit_link":"","_speechkit_text":""},"categories":[51,78],"tags":[72,84,6085,11895,103,137,52,79,8758,6198],"jetpack_featured_media_url":"https:\/\/pinews.com.br\/wp-content\/uploads\/2023\/10\/a1c4fdf6bb396b77358a5202becbf6d3_-5465572375698204040.jpg","_links":{"self":[{"href":"https:\/\/pinews.com.br\/index.php\/wp-json\/wp\/v2\/posts\/53375"}],"collection":[{"href":"https:\/\/pinews.com.br\/index.php\/wp-json\/wp\/v2\/posts"}],"about":[{"href":"https:\/\/pinews.com.br\/index.php\/wp-json\/wp\/v2\/types\/post"}],"author":[{"embeddable":true,"href":"https:\/\/pinews.com.br\/index.php\/wp-json\/wp\/v2\/users\/4"}],"replies":[{"embeddable":true,"href":"https:\/\/pinews.com.br\/index.php\/wp-json\/wp\/v2\/comments?post=53375"}],"version-history":[{"count":1,"href":"https:\/\/pinews.com.br\/index.php\/wp-json\/wp\/v2\/posts\/53375\/revisions"}],"predecessor-version":[{"id":53377,"href":"https:\/\/pinews.com.br\/index.php\/wp-json\/wp\/v2\/posts\/53375\/revisions\/53377"}],"wp:featuredmedia":[{"embeddable":true,"href":"https:\/\/pinews.com.br\/index.php\/wp-json\/wp\/v2\/media\/53376"}],"wp:attachment":[{"href":"https:\/\/pinews.com.br\/index.php\/wp-json\/wp\/v2\/media?parent=53375"}],"wp:term":[{"taxonomy":"category","embeddable":true,"href":"https:\/\/pinews.com.br\/index.php\/wp-json\/wp\/v2\/categories?post=53375"},{"taxonomy":"post_tag","embeddable":true,"href":"https:\/\/pinews.com.br\/index.php\/wp-json\/wp\/v2\/tags?post=53375"}],"curies":[{"name":"wp","href":"https:\/\/api.w.org\/{rel}","templated":true}]}}