{"id":53437,"date":"2023-10-04T10:53:06","date_gmt":"2023-10-04T13:53:06","guid":{"rendered":"https:\/\/pinews.com.br\/?p=53437"},"modified":"2023-10-04T10:53:08","modified_gmt":"2023-10-04T13:53:08","slug":"irmaos-e-primo-sao-presos-apos-ameacar-matar-comerciante-no-piaui","status":"publish","type":"post","link":"https:\/\/pinews.com.br\/index.php\/2023\/10\/04\/irmaos-e-primo-sao-presos-apos-ameacar-matar-comerciante-no-piaui\/","title":{"rendered":"Irm\u00e3os e primo s\u00e3o presos ap\u00f3s amea\u00e7ar matar comerciante no Piau\u00ed"},"content":{"rendered":"\n<p>Tr\u00eas indiv\u00edduos foram presos pela equipe da For\u00e7a T\u00e1tica do 15\u00b0 Batalh\u00e3o da Pol\u00edcia Militar do Piau\u00ed, ap\u00f3s amea\u00e7arem comerciante com arma de fogo, em Campo Maior, na tarde dessa ter\u00e7a-feira (03\/10). <\/p>\n\n\n\n<p>De acordo com as informa\u00e7\u00f5es colhidas pela Pol\u00edcia Militar houve um desentendimento dos tr\u00eas indiv\u00edduos com um fabricante de reboques na avenida Her\u00f3is do Jenipapo. Durante a discuss\u00e3o eles amea\u00e7aram o comerciante e demonstraram que estavam armados. <\/p>\n\n\n\n<p>A Pol\u00edcia Militar foi acionada e ao chegarem rapidamente ao local os policiais da For\u00e7a T\u00e1tica fizeram as buscas e encontraram um rev\u00f3lver calibre 32, uma r\u00e9plica de pistola e uma arma branca, escondidos no interior do ve\u00edculo, modelo HB20, em que os indiv\u00edduos andavam.  <\/p>\n\n\n\n<p>Os tr\u00eas acusados s\u00e3o moradores de Campo Maior e foram identificados como sendo os irm\u00e3os de iniciais W.B.S e W.B.S. e um primo deles, de iniciais K.K.S.C. <\/p>\n\n\n\n<p>De imediato foi dada voz de pris\u00e3o e os tr\u00eas indiv\u00edduos foram conduzidos para os procedimentos de autua\u00e7\u00e3o em flagrante na Delegacia de Pol\u00edcia.<\/p>\n\n\n\n<p><strong>Fonte: 180 graus<\/strong><\/p>\n","protected":false},"excerpt":{"rendered":"<p>Tr\u00eas indiv\u00edduos foram presos pela equipe da For\u00e7a T\u00e1tica do 15\u00b0 Batalh\u00e3o da Pol\u00edcia Militar do Piau\u00ed, ap\u00f3s amea\u00e7arem comerciante com arma de fogo, em Campo Maior, na tarde dessa ter\u00e7a-feira (03\/10). De acordo com as informa\u00e7\u00f5es colhidas pela Pol\u00edcia Militar houve um desentendimento dos tr\u00eas indiv\u00edduos com um fabricante de reboques na avenida Her\u00f3is [&hellip;]<\/p>\n","protected":false},"author":4,"featured_media":53438,"comment_status":"open","ping_status":"open","sticky":false,"template":"","format":"standard","meta":{"beyondwords_generate_audio":"1","beyondwords_project_id":"","beyondwords_podcast_id":"","beyondwords_hash":"","beyondwords_error_message":"","beyondwords_disabled":"","publish_post_to_speechkit":"","speechkit_generate_audio":"","speechkit_project_id":"","speechkit_podcast_id":"","speechkit_hash":"","speechkit_error_message":"","speechkit_disabled":"","speechkit_access_key":"","speechkit_error":"","speechkit_info":"","speechkit_response":"","speechkit_retries":"","_speechkit_link":"","_speechkit_text":""},"categories":[51,78],"tags":[732,70,205,1045,85,52,600,2138,362],"jetpack_featured_media_url":"https:\/\/pinews.com.br\/wp-content\/uploads\/2023\/10\/photo_2023-10-04_07-45-37_-1693790472340643956.jpg","_links":{"self":[{"href":"https:\/\/pinews.com.br\/index.php\/wp-json\/wp\/v2\/posts\/53437"}],"collection":[{"href":"https:\/\/pinews.com.br\/index.php\/wp-json\/wp\/v2\/posts"}],"about":[{"href":"https:\/\/pinews.com.br\/index.php\/wp-json\/wp\/v2\/types\/post"}],"author":[{"embeddable":true,"href":"https:\/\/pinews.com.br\/index.php\/wp-json\/wp\/v2\/users\/4"}],"replies":[{"embeddable":true,"href":"https:\/\/pinews.com.br\/index.php\/wp-json\/wp\/v2\/comments?post=53437"}],"version-history":[{"count":1,"href":"https:\/\/pinews.com.br\/index.php\/wp-json\/wp\/v2\/posts\/53437\/revisions"}],"predecessor-version":[{"id":53439,"href":"https:\/\/pinews.com.br\/index.php\/wp-json\/wp\/v2\/posts\/53437\/revisions\/53439"}],"wp:featuredmedia":[{"embeddable":true,"href":"https:\/\/pinews.com.br\/index.php\/wp-json\/wp\/v2\/media\/53438"}],"wp:attachment":[{"href":"https:\/\/pinews.com.br\/index.php\/wp-json\/wp\/v2\/media?parent=53437"}],"wp:term":[{"taxonomy":"category","embeddable":true,"href":"https:\/\/pinews.com.br\/index.php\/wp-json\/wp\/v2\/categories?post=53437"},{"taxonomy":"post_tag","embeddable":true,"href":"https:\/\/pinews.com.br\/index.php\/wp-json\/wp\/v2\/tags?post=53437"}],"curies":[{"name":"wp","href":"https:\/\/api.w.org\/{rel}","templated":true}]}}