{"id":53469,"date":"2023-10-05T11:41:25","date_gmt":"2023-10-05T14:41:25","guid":{"rendered":"https:\/\/pinews.com.br\/?p=53469"},"modified":"2023-10-05T11:41:27","modified_gmt":"2023-10-05T14:41:27","slug":"operacao-cumpre-26-mandados-contra-membros-de-faccoes-criminosas-no-norte-do-piaui","status":"publish","type":"post","link":"https:\/\/pinews.com.br\/index.php\/2023\/10\/05\/operacao-cumpre-26-mandados-contra-membros-de-faccoes-criminosas-no-norte-do-piaui\/","title":{"rendered":"Opera\u00e7\u00e3o cumpre 26 mandados contra membros de fac\u00e7\u00f5es criminosas no Norte do Piau\u00ed"},"content":{"rendered":"\n<p>A For\u00e7a Integrada de Combate ao Crime Organizado (FICCO) realizou na manh\u00e3 desta quinta-feira (5) a \u201cOpera\u00e7\u00e3o For\u00e7as Integradas\u201d para o cumprimento de 26 mandados contra membros de fac\u00e7\u00f5es criminosas envolvidos em v\u00e1rios crimes, como tr\u00e1fico de drogas, roubos e homic\u00eddios no Norte do Piau\u00ed, nos munic\u00edpios de Parna\u00edba, Lu\u00eds Correia, Cocal e Buriti dos Lopes.<\/p>\n\n\n\n<p>S\u00e3o mais de 100 policiais que est\u00e3o cumprindo 26 mandados judiciais, sendo 10 mandados de pris\u00e3o e 16 de busca e apreens\u00e3o. At\u00e9 o momento, a pol\u00edcia ainda n\u00e3o informou quantas pessoas j\u00e1 foram presas, e \u00e0s 10h ser\u00e1 realizada uma coletiva de imprensa com atualiza\u00e7\u00f5es sobre a opera\u00e7\u00e3o.<\/p>\n\n\n\n<p>\u201cAs investiga\u00e7\u00f5es apontam a atua\u00e7\u00e3o dos investigados em organiza\u00e7\u00f5es criminosas com envolvimento no tr\u00e1fico de drogas, na venda de armas e muni\u00e7\u00f5es, em roubos e homic\u00eddios praticados em contexto de fac\u00e7\u00e3o criminosa na regi\u00e3o litor\u00e2nea do estado. Durante a a\u00e7\u00e3o policial, foram realizadas duas pris\u00f5es em flagrante, al\u00e9m da apreens\u00e3o de dinheiro, drogas, celulares e ve\u00edculos\u201d, informou a Pol\u00edcia Federal.<\/p>\n\n\n\n<p>A opera\u00e7\u00e3o contou com o apoio da Delegacia de Pol\u00edcia Federal em Parna\u00edba, Departamento de Repress\u00e3o \u00e0s A\u00e7\u00f5es Criminosas Organizadas (DRACO) e Batalh\u00f5es de Pol\u00edcia Militar de Parna\u00edba e Lu\u00eds Correia.<\/p>\n\n\n\n<p>\u201cA a\u00e7\u00e3o policial segue um dos eixos de trabalho do Minist\u00e9rio da Justi\u00e7a e Seguran\u00e7a P\u00fablica &#8211; MJSP, que \u00e9 o cumprimento de ordens de pris\u00e3o expedidas em desfavor de investigados e de condenados envolvidos com organiza\u00e7\u00f5es criminosas que praticam crimes violentos\u201d, destacou a PF.<\/p>\n\n\n\n<p>A \u201cOpera\u00e7\u00e3o For\u00e7as Integradas\u201d recebeu esse nome em alus\u00e3o \u00e0 integra\u00e7\u00e3o das for\u00e7as de seguran\u00e7a p\u00fablica piauienses.<\/p>\n\n\n\n<p><strong>Den\u00fancias<\/strong><\/p>\n\n\n\n<p>Para denunciar a atua\u00e7\u00e3o de fac\u00e7\u00f5es criminosas, foragidos da Justi\u00e7a, tr\u00e1fico de drogas e outros crimes, a pol\u00edcia disponibiliza na regi\u00e3o de Parna\u00edba&nbsp;<a href=\"http:\/\/bit.ly\/denunciapcphb\">um endere\u00e7o eletr\u00f4nico atrav\u00e9s do site da pol\u00edcia<\/a>, onde \u00e9 poss\u00edvel fazer a den\u00fancia de forma an\u00f4nima.<\/p>\n\n\n\n<p><strong>Fonte: B\u00e1rbara Rodrigues\/ Cidade Verde\/ Com informa\u00e7\u00f5es da PF<\/strong><\/p>\n","protected":false},"excerpt":{"rendered":"<p>A For\u00e7a Integrada de Combate ao Crime Organizado (FICCO) realizou na manh\u00e3 desta quinta-feira (5) a \u201cOpera\u00e7\u00e3o For\u00e7as Integradas\u201d para o cumprimento de 26 mandados contra membros de fac\u00e7\u00f5es criminosas envolvidos em v\u00e1rios crimes, como tr\u00e1fico de drogas, roubos e homic\u00eddios no Norte do Piau\u00ed, nos munic\u00edpios de Parna\u00edba, Lu\u00eds Correia, Cocal e Buriti dos [&hellip;]<\/p>\n","protected":false},"author":4,"featured_media":53470,"comment_status":"open","ping_status":"open","sticky":false,"template":"","format":"standard","meta":{"beyondwords_generate_audio":"1","beyondwords_project_id":"","beyondwords_podcast_id":"","beyondwords_hash":"","beyondwords_error_message":"","beyondwords_disabled":"","publish_post_to_speechkit":"","speechkit_generate_audio":"","speechkit_project_id":"","speechkit_podcast_id":"","speechkit_hash":"","speechkit_error_message":"","speechkit_disabled":"","speechkit_access_key":"","speechkit_error":"","speechkit_info":"","speechkit_response":"","speechkit_retries":"","_speechkit_link":"","_speechkit_text":""},"categories":[51,78],"tags":[5472,294,7867,642,44,7868,848,10008,337,383,52],"jetpack_featured_media_url":"https:\/\/pinews.com.br\/wp-content\/uploads\/2023\/10\/policia_federal_2.jpg","_links":{"self":[{"href":"https:\/\/pinews.com.br\/index.php\/wp-json\/wp\/v2\/posts\/53469"}],"collection":[{"href":"https:\/\/pinews.com.br\/index.php\/wp-json\/wp\/v2\/posts"}],"about":[{"href":"https:\/\/pinews.com.br\/index.php\/wp-json\/wp\/v2\/types\/post"}],"author":[{"embeddable":true,"href":"https:\/\/pinews.com.br\/index.php\/wp-json\/wp\/v2\/users\/4"}],"replies":[{"embeddable":true,"href":"https:\/\/pinews.com.br\/index.php\/wp-json\/wp\/v2\/comments?post=53469"}],"version-history":[{"count":1,"href":"https:\/\/pinews.com.br\/index.php\/wp-json\/wp\/v2\/posts\/53469\/revisions"}],"predecessor-version":[{"id":53471,"href":"https:\/\/pinews.com.br\/index.php\/wp-json\/wp\/v2\/posts\/53469\/revisions\/53471"}],"wp:featuredmedia":[{"embeddable":true,"href":"https:\/\/pinews.com.br\/index.php\/wp-json\/wp\/v2\/media\/53470"}],"wp:attachment":[{"href":"https:\/\/pinews.com.br\/index.php\/wp-json\/wp\/v2\/media?parent=53469"}],"wp:term":[{"taxonomy":"category","embeddable":true,"href":"https:\/\/pinews.com.br\/index.php\/wp-json\/wp\/v2\/categories?post=53469"},{"taxonomy":"post_tag","embeddable":true,"href":"https:\/\/pinews.com.br\/index.php\/wp-json\/wp\/v2\/tags?post=53469"}],"curies":[{"name":"wp","href":"https:\/\/api.w.org\/{rel}","templated":true}]}}