{"id":53491,"date":"2023-10-06T18:18:00","date_gmt":"2023-10-06T21:18:00","guid":{"rendered":"https:\/\/pinews.com.br\/?p=53491"},"modified":"2023-10-06T18:18:02","modified_gmt":"2023-10-06T21:18:02","slug":"empresario-morre-de-infarto-durante-almoco-no-mercado-no-piaui","status":"publish","type":"post","link":"https:\/\/pinews.com.br\/index.php\/2023\/10\/06\/empresario-morre-de-infarto-durante-almoco-no-mercado-no-piaui\/","title":{"rendered":"Empres\u00e1rio morre de infarto durante almo\u00e7o no mercado no Piau\u00ed"},"content":{"rendered":"\n<p>O empres\u00e1rio Carlos Oliveira, conhecido como Carlos da Farm\u00e1cia, morreu na tarde desta sexta-feira (06\/10), vitima de infarto no Mercado P\u00fablico de Campo Maior. <\/p>\n\n\n\n<p>A v\u00edtima almo\u00e7ava em um box do mercado, quando passou mal e caiu.&nbsp;Equipes&nbsp;do Servi\u00e7o de Atendimento M\u00f3vel de Urg\u00eancia (Samu) foram&nbsp;acionadas, tentaram&nbsp;reanimar a v\u00edtima, que n\u00e3o resistiu.<\/p>\n\n\n\n<p>Carlos da Farm\u00e1cia\u00a0\u00e9 cunhado do ex-prefeito e ex-deputado estadual Paulo Martins. Ele\u00a0deixa\u00a0esposa e\u00a0dois filhos.<\/p>\n\n\n\n<p>O corpo \u00e9 velado onde ele residia, no bairro Lourdes, ao lado do Est\u00e1dio Deusdeth de Melo, e&nbsp;&nbsp;ser\u00e1 sepultado na manh\u00e3 de s\u00e1bado (07\/10).<\/p>\n\n\n\n<p>A morte de Carlos da Farm\u00e1cia causou grande tristeza na cidade.<\/p>\n\n\n\n<p><strong>Fonte: 180 graus<\/strong><\/p>\n","protected":false},"excerpt":{"rendered":"<p>O empres\u00e1rio Carlos Oliveira, conhecido como Carlos da Farm\u00e1cia, morreu na tarde desta sexta-feira (06\/10), vitima de infarto no Mercado P\u00fablico de Campo Maior. A v\u00edtima almo\u00e7ava em um box do mercado, quando passou mal e caiu.&nbsp;Equipes&nbsp;do Servi\u00e7o de Atendimento M\u00f3vel de Urg\u00eancia (Samu) foram&nbsp;acionadas, tentaram&nbsp;reanimar a v\u00edtima, que n\u00e3o resistiu. Carlos da Farm\u00e1cia\u00a0\u00e9 cunhado [&hellip;]<\/p>\n","protected":false},"author":4,"featured_media":53492,"comment_status":"open","ping_status":"open","sticky":false,"template":"","format":"standard","meta":{"beyondwords_generate_audio":"1","beyondwords_project_id":"","beyondwords_podcast_id":"","beyondwords_hash":"","beyondwords_error_message":"","beyondwords_disabled":"","publish_post_to_speechkit":"","speechkit_generate_audio":"","speechkit_project_id":"","speechkit_podcast_id":"","speechkit_hash":"","speechkit_error_message":"","speechkit_disabled":"","speechkit_access_key":"","speechkit_error":"","speechkit_info":"","speechkit_response":"","speechkit_retries":"","_speechkit_link":"","_speechkit_text":""},"categories":[51],"tags":[7056,44,45,152,284,2482,119,52],"jetpack_featured_media_url":"https:\/\/pinews.com.br\/wp-content\/uploads\/2023\/10\/empresario-morre-de-infarto-em-campo-maior_943203096426675341.png","_links":{"self":[{"href":"https:\/\/pinews.com.br\/index.php\/wp-json\/wp\/v2\/posts\/53491"}],"collection":[{"href":"https:\/\/pinews.com.br\/index.php\/wp-json\/wp\/v2\/posts"}],"about":[{"href":"https:\/\/pinews.com.br\/index.php\/wp-json\/wp\/v2\/types\/post"}],"author":[{"embeddable":true,"href":"https:\/\/pinews.com.br\/index.php\/wp-json\/wp\/v2\/users\/4"}],"replies":[{"embeddable":true,"href":"https:\/\/pinews.com.br\/index.php\/wp-json\/wp\/v2\/comments?post=53491"}],"version-history":[{"count":1,"href":"https:\/\/pinews.com.br\/index.php\/wp-json\/wp\/v2\/posts\/53491\/revisions"}],"predecessor-version":[{"id":53493,"href":"https:\/\/pinews.com.br\/index.php\/wp-json\/wp\/v2\/posts\/53491\/revisions\/53493"}],"wp:featuredmedia":[{"embeddable":true,"href":"https:\/\/pinews.com.br\/index.php\/wp-json\/wp\/v2\/media\/53492"}],"wp:attachment":[{"href":"https:\/\/pinews.com.br\/index.php\/wp-json\/wp\/v2\/media?parent=53491"}],"wp:term":[{"taxonomy":"category","embeddable":true,"href":"https:\/\/pinews.com.br\/index.php\/wp-json\/wp\/v2\/categories?post=53491"},{"taxonomy":"post_tag","embeddable":true,"href":"https:\/\/pinews.com.br\/index.php\/wp-json\/wp\/v2\/tags?post=53491"}],"curies":[{"name":"wp","href":"https:\/\/api.w.org\/{rel}","templated":true}]}}