{"id":53494,"date":"2023-10-06T18:20:39","date_gmt":"2023-10-06T21:20:39","guid":{"rendered":"https:\/\/pinews.com.br\/?p=53494"},"modified":"2023-10-06T18:20:41","modified_gmt":"2023-10-06T21:20:41","slug":"homem-e-arremessado-na-rua-e-tem-pescoco-queimado-por-fio-de-internet-preso-em-onibus-no-piaui","status":"publish","type":"post","link":"https:\/\/pinews.com.br\/index.php\/2023\/10\/06\/homem-e-arremessado-na-rua-e-tem-pescoco-queimado-por-fio-de-internet-preso-em-onibus-no-piaui\/","title":{"rendered":"Homem \u00e9 arremessado na rua e tem pesco\u00e7o queimado por fio de internet preso em \u00f4nibus no Piau\u00ed"},"content":{"rendered":"\n<p>Um cabo de internet atingiu o pesco\u00e7o do t\u00e9cnico de eletrodom\u00e9sticos Ant\u00f4nio Alves e por pouco ele n\u00e3o sofreu um corte na garganta. O acidente aconteceu no dia 21 de setembro, em\u00a0Pedro II. Ant\u00f4nio ficou com queimaduras no pesco\u00e7o, al\u00e9m de escoria\u00e7\u00f5es nos joelhos e cotovelo, causados pela queda dele no ch\u00e3o.<\/p>\n\n\n\n<p>Segundo Ant\u00f4nio, os cabos haviam sido quebrados por um caminh\u00e3o na noite anterior. Na manh\u00e3 seguinte, quando ele passava pela cal\u00e7ada, o cabo ficou preso num \u00f4nibus escolar e puxou ele pela garganta.<\/p>\n\n\n\n<blockquote class=\"wp-block-quote\">\n<p>&#8220;Quando me pegou na garganta,&nbsp;o cabo quebrou numa das pontas, e essa foi minha sorte.&nbsp;Se n\u00e3o, podia ter me cortado, ou quebrado meu pesco\u00e7o&#8221;, comentou Ant\u00f4nio.<\/p>\n<\/blockquote>\n\n\n\n<p>Ele contou que quando levantou,&nbsp;ainda n\u00e3o havia entendido o que tinha acabado de acontecer. &#8220;Fiquei pensando que algu\u00e9m tinha me empurrado, e sentia essa dor no pesco\u00e7o&#8221;, disse.<\/p>\n\n\n\n<p>Ant\u00f4nio passou os dez dias seguintes sem conseguir trabalhar. Por ter hemofilia, um problema gen\u00e9tico que dificulta a coagula\u00e7\u00e3o do sangue, precisou passar por exames em Teresina. Mas, por sorte, ele n\u00e3o sofreu nenhuma hemorragia, e ele passa bem.<\/p>\n\n\n\n<p>A empresa de telecomunica\u00e7\u00e3o respons\u00e1vel pelos cabos n\u00e3o foi identificada. Ant\u00f4nio contou ainda que h\u00e1 outros pontos de Pedro II onde s\u00e3o encontrados fios soltos de postes de energia pela cidade. &#8220;Agora, quando passo por cabos assim, me d\u00e1 um medo&#8221;, comentou ele.<\/p>\n\n\n\n<p><strong>Fonte: G1 PI<\/strong><\/p>\n","protected":false},"excerpt":{"rendered":"<p>Um cabo de internet atingiu o pesco\u00e7o do t\u00e9cnico de eletrodom\u00e9sticos Ant\u00f4nio Alves e por pouco ele n\u00e3o sofreu um corte na garganta. O acidente aconteceu no dia 21 de setembro, em\u00a0Pedro II. Ant\u00f4nio ficou com queimaduras no pesco\u00e7o, al\u00e9m de escoria\u00e7\u00f5es nos joelhos e cotovelo, causados pela queda dele no ch\u00e3o. Segundo Ant\u00f4nio, os [&hellip;]<\/p>\n","protected":false},"author":4,"featured_media":53495,"comment_status":"open","ping_status":"open","sticky":false,"template":"","format":"standard","meta":{"beyondwords_generate_audio":"1","beyondwords_project_id":"","beyondwords_podcast_id":"","beyondwords_hash":"","beyondwords_error_message":"","beyondwords_disabled":"","publish_post_to_speechkit":"","speechkit_generate_audio":"","speechkit_project_id":"","speechkit_podcast_id":"","speechkit_hash":"","speechkit_error_message":"","speechkit_disabled":"","speechkit_access_key":"","speechkit_error":"","speechkit_info":"","speechkit_response":"","speechkit_retries":"","_speechkit_link":"","_speechkit_text":""},"categories":[51],"tags":[440,44,72,46,7138,84,1931,91,301,1399,52,59,79,1672,846,60],"jetpack_featured_media_url":"https:\/\/pinews.com.br\/wp-content\/uploads\/2023\/10\/whatsapp-image-2023-10-06-at-13.05.54-1-.jpeg","_links":{"self":[{"href":"https:\/\/pinews.com.br\/index.php\/wp-json\/wp\/v2\/posts\/53494"}],"collection":[{"href":"https:\/\/pinews.com.br\/index.php\/wp-json\/wp\/v2\/posts"}],"about":[{"href":"https:\/\/pinews.com.br\/index.php\/wp-json\/wp\/v2\/types\/post"}],"author":[{"embeddable":true,"href":"https:\/\/pinews.com.br\/index.php\/wp-json\/wp\/v2\/users\/4"}],"replies":[{"embeddable":true,"href":"https:\/\/pinews.com.br\/index.php\/wp-json\/wp\/v2\/comments?post=53494"}],"version-history":[{"count":1,"href":"https:\/\/pinews.com.br\/index.php\/wp-json\/wp\/v2\/posts\/53494\/revisions"}],"predecessor-version":[{"id":53496,"href":"https:\/\/pinews.com.br\/index.php\/wp-json\/wp\/v2\/posts\/53494\/revisions\/53496"}],"wp:featuredmedia":[{"embeddable":true,"href":"https:\/\/pinews.com.br\/index.php\/wp-json\/wp\/v2\/media\/53495"}],"wp:attachment":[{"href":"https:\/\/pinews.com.br\/index.php\/wp-json\/wp\/v2\/media?parent=53494"}],"wp:term":[{"taxonomy":"category","embeddable":true,"href":"https:\/\/pinews.com.br\/index.php\/wp-json\/wp\/v2\/categories?post=53494"},{"taxonomy":"post_tag","embeddable":true,"href":"https:\/\/pinews.com.br\/index.php\/wp-json\/wp\/v2\/tags?post=53494"}],"curies":[{"name":"wp","href":"https:\/\/api.w.org\/{rel}","templated":true}]}}