{"id":53576,"date":"2023-10-11T12:02:39","date_gmt":"2023-10-11T15:02:39","guid":{"rendered":"https:\/\/pinews.com.br\/?p=53576"},"modified":"2023-10-11T12:02:41","modified_gmt":"2023-10-11T15:02:41","slug":"deficiente-fisico-e-preso-no-piaui-acusado-de-tres-homicidios-no-ceara","status":"publish","type":"post","link":"https:\/\/pinews.com.br\/index.php\/2023\/10\/11\/deficiente-fisico-e-preso-no-piaui-acusado-de-tres-homicidios-no-ceara\/","title":{"rendered":"Deficiente f\u00edsico \u00e9 preso no Piau\u00ed acusado de tr\u00eas homic\u00eddios no Cear\u00e1"},"content":{"rendered":"\n<p>Nesta ter\u00e7a-feira (10\/10), a Pol\u00edcia Militar do Piau\u00ed prendeu Francisco Evaldo Vasconcelos Alexandre, de 44 anos, ap\u00f3s cumprir um mandado de pris\u00e3o em seu desfavor, que estava em aberto. Evaldo \u00e9 suspeito de cometer tr\u00eas homic\u00eddios no estado do Cear\u00e1 e foi localizado pela equipe de intelig\u00eancia, que recebeu informa\u00e7\u00f5es da For\u00e7a Tarefa de Parna\u00edba. Ele foi encontrado em uma resid\u00eancia na Baixa do Mamoeiro, Zona Rural de Parna\u00edba.<\/p>\n\n\n\n<p>Segundo as autoridades, o suspeito confessou os tr\u00eas homic\u00eddios, sendo que o \u00faltimo resultou em sua defici\u00eancia f\u00edsica, o que o levou a usar uma cadeira de rodas. Evaldo tamb\u00e9m admitiu ter cometido crimes semelhantes no Maranh\u00e3o, alegando que agiu em leg\u00edtima defesa.<\/p>\n\n\n\n<p>O conduzido foi encaminhado \u00e0 Central de Flagrantes para os procedimentos legais. As investiga\u00e7\u00f5es sobre os casos continuam em andamento para esclarecer completamente os eventos.<\/p>\n\n\n\n<p><strong>Fonte: Portal Litoral Not\u00edcias<\/strong><\/p>\n","protected":false},"excerpt":{"rendered":"<p>Nesta ter\u00e7a-feira (10\/10), a Pol\u00edcia Militar do Piau\u00ed prendeu Francisco Evaldo Vasconcelos Alexandre, de 44 anos, ap\u00f3s cumprir um mandado de pris\u00e3o em seu desfavor, que estava em aberto. Evaldo \u00e9 suspeito de cometer tr\u00eas homic\u00eddios no estado do Cear\u00e1 e foi localizado pela equipe de intelig\u00eancia, que recebeu informa\u00e7\u00f5es da For\u00e7a Tarefa de Parna\u00edba. [&hellip;]<\/p>\n","protected":false},"author":4,"featured_media":53577,"comment_status":"open","ping_status":"open","sticky":false,"template":"","format":"standard","meta":{"beyondwords_generate_audio":"1","beyondwords_project_id":"","beyondwords_podcast_id":"","beyondwords_hash":"","beyondwords_error_message":"","beyondwords_disabled":"","publish_post_to_speechkit":"","speechkit_generate_audio":"","speechkit_project_id":"","speechkit_podcast_id":"","speechkit_hash":"","speechkit_error_message":"","speechkit_disabled":"","speechkit_access_key":"","speechkit_error":"","speechkit_info":"","speechkit_response":"","speechkit_retries":"","_speechkit_link":"","_speechkit_text":""},"categories":[51,78],"tags":[1273,672,44,8118,72,10534,674,52,79,239],"jetpack_featured_media_url":"https:\/\/pinews.com.br\/wp-content\/uploads\/2023\/10\/06_5479940146892276686.jpeg","_links":{"self":[{"href":"https:\/\/pinews.com.br\/index.php\/wp-json\/wp\/v2\/posts\/53576"}],"collection":[{"href":"https:\/\/pinews.com.br\/index.php\/wp-json\/wp\/v2\/posts"}],"about":[{"href":"https:\/\/pinews.com.br\/index.php\/wp-json\/wp\/v2\/types\/post"}],"author":[{"embeddable":true,"href":"https:\/\/pinews.com.br\/index.php\/wp-json\/wp\/v2\/users\/4"}],"replies":[{"embeddable":true,"href":"https:\/\/pinews.com.br\/index.php\/wp-json\/wp\/v2\/comments?post=53576"}],"version-history":[{"count":1,"href":"https:\/\/pinews.com.br\/index.php\/wp-json\/wp\/v2\/posts\/53576\/revisions"}],"predecessor-version":[{"id":53578,"href":"https:\/\/pinews.com.br\/index.php\/wp-json\/wp\/v2\/posts\/53576\/revisions\/53578"}],"wp:featuredmedia":[{"embeddable":true,"href":"https:\/\/pinews.com.br\/index.php\/wp-json\/wp\/v2\/media\/53577"}],"wp:attachment":[{"href":"https:\/\/pinews.com.br\/index.php\/wp-json\/wp\/v2\/media?parent=53576"}],"wp:term":[{"taxonomy":"category","embeddable":true,"href":"https:\/\/pinews.com.br\/index.php\/wp-json\/wp\/v2\/categories?post=53576"},{"taxonomy":"post_tag","embeddable":true,"href":"https:\/\/pinews.com.br\/index.php\/wp-json\/wp\/v2\/tags?post=53576"}],"curies":[{"name":"wp","href":"https:\/\/api.w.org\/{rel}","templated":true}]}}