{"id":53586,"date":"2023-10-11T18:15:38","date_gmt":"2023-10-11T21:15:38","guid":{"rendered":"https:\/\/pinews.com.br\/?p=53586"},"modified":"2023-10-11T18:15:41","modified_gmt":"2023-10-11T21:15:41","slug":"acusado-de-matar-o-proprio-pai-e-o-irmao-e-preso-no-interior-do-piaui","status":"publish","type":"post","link":"https:\/\/pinews.com.br\/index.php\/2023\/10\/11\/acusado-de-matar-o-proprio-pai-e-o-irmao-e-preso-no-interior-do-piaui\/","title":{"rendered":"Acusado de matar o pr\u00f3prio pai e o irm\u00e3o \u00e9 preso no interior do Piau\u00ed"},"content":{"rendered":"\n<p>Na manh\u00e3 desta quarta-feira (11\/10), a Pol\u00edcia Civil do Piau\u00ed, por meio da Delegacia de Capturas (DECAP), efetuou a pris\u00e3o de Homero Pereira Barbosa, acusado de matar seu pr\u00f3prio pai e irm\u00e3o. O crime chocou a pequena cidade de Dom Inoc\u00eancio, onde os homic\u00eddios aconteceram.<\/p>\n\n\n\n<p>O delegado Emir Maia, titular da DECAP, liderou a opera\u00e7\u00e3o que resultou na pris\u00e3o de Homero Barbosa, com o apoio da Pol\u00edcia Militar do Piau\u00ed.<\/p>\n\n\n\n<p>Homero Pereira Barbosa enfrenta acusa\u00e7\u00f5es graves, incluindo o homic\u00eddio de seu pai em meados de 2010 e, dois anos depois, o assassinato de seu irm\u00e3o, Jos\u00e9 Pereira Barbosa, perpetrado com um golpe de faca.<\/p>\n\n\n\n<p>O acusado foi conduzido para a Delegacia de S\u00e3o Raimundo Nonato, onde permanecer\u00e1 \u00e0 disposi\u00e7\u00e3o da Justi\u00e7a para responder pelos terr\u00edveis crimes cometidos em sua pr\u00f3pria fam\u00edlia.<\/p>\n\n\n\n<p><strong>Fonte: 180 graus<\/strong><\/p>\n","protected":false},"excerpt":{"rendered":"<p>Na manh\u00e3 desta quarta-feira (11\/10), a Pol\u00edcia Civil do Piau\u00ed, por meio da Delegacia de Capturas (DECAP), efetuou a pris\u00e3o de Homero Pereira Barbosa, acusado de matar seu pr\u00f3prio pai e irm\u00e3o. O crime chocou a pequena cidade de Dom Inoc\u00eancio, onde os homic\u00eddios aconteceram. O delegado Emir Maia, titular da DECAP, liderou a opera\u00e7\u00e3o [&hellip;]<\/p>\n","protected":false},"author":4,"featured_media":53587,"comment_status":"open","ping_status":"open","sticky":false,"template":"","format":"standard","meta":{"beyondwords_generate_audio":"1","beyondwords_project_id":"","beyondwords_podcast_id":"","beyondwords_hash":"","beyondwords_error_message":"","beyondwords_disabled":"","publish_post_to_speechkit":"","speechkit_generate_audio":"","speechkit_project_id":"","speechkit_podcast_id":"","speechkit_hash":"","speechkit_error_message":"","speechkit_disabled":"","speechkit_access_key":"","speechkit_error":"","speechkit_info":"","speechkit_response":"","speechkit_retries":"","_speechkit_link":"","_speechkit_text":""},"categories":[51,78],"tags":[1273,44,72,716,1265,85,290,52,79,86],"jetpack_featured_media_url":"https:\/\/pinews.com.br\/wp-content\/uploads\/2023\/10\/acusado-de-matar-o-proprio-pai-e-o-irmao-e-preso-no-interior_5513576724305432631.webp","_links":{"self":[{"href":"https:\/\/pinews.com.br\/index.php\/wp-json\/wp\/v2\/posts\/53586"}],"collection":[{"href":"https:\/\/pinews.com.br\/index.php\/wp-json\/wp\/v2\/posts"}],"about":[{"href":"https:\/\/pinews.com.br\/index.php\/wp-json\/wp\/v2\/types\/post"}],"author":[{"embeddable":true,"href":"https:\/\/pinews.com.br\/index.php\/wp-json\/wp\/v2\/users\/4"}],"replies":[{"embeddable":true,"href":"https:\/\/pinews.com.br\/index.php\/wp-json\/wp\/v2\/comments?post=53586"}],"version-history":[{"count":1,"href":"https:\/\/pinews.com.br\/index.php\/wp-json\/wp\/v2\/posts\/53586\/revisions"}],"predecessor-version":[{"id":53588,"href":"https:\/\/pinews.com.br\/index.php\/wp-json\/wp\/v2\/posts\/53586\/revisions\/53588"}],"wp:featuredmedia":[{"embeddable":true,"href":"https:\/\/pinews.com.br\/index.php\/wp-json\/wp\/v2\/media\/53587"}],"wp:attachment":[{"href":"https:\/\/pinews.com.br\/index.php\/wp-json\/wp\/v2\/media?parent=53586"}],"wp:term":[{"taxonomy":"category","embeddable":true,"href":"https:\/\/pinews.com.br\/index.php\/wp-json\/wp\/v2\/categories?post=53586"},{"taxonomy":"post_tag","embeddable":true,"href":"https:\/\/pinews.com.br\/index.php\/wp-json\/wp\/v2\/tags?post=53586"}],"curies":[{"name":"wp","href":"https:\/\/api.w.org\/{rel}","templated":true}]}}