{"id":53589,"date":"2023-10-11T18:19:07","date_gmt":"2023-10-11T21:19:07","guid":{"rendered":"https:\/\/pinews.com.br\/?p=53589"},"modified":"2023-10-11T18:19:09","modified_gmt":"2023-10-11T21:19:09","slug":"homem-e-preso-suspeito-de-matar-o-proprio-primo-com-golpe-de-faca-no-piaui","status":"publish","type":"post","link":"https:\/\/pinews.com.br\/index.php\/2023\/10\/11\/homem-e-preso-suspeito-de-matar-o-proprio-primo-com-golpe-de-faca-no-piaui\/","title":{"rendered":"Homem \u00e9 preso suspeito de matar o pr\u00f3prio primo com golpe de faca no Piau\u00ed"},"content":{"rendered":"\n<p>Ant\u00f4nio \u00c9lio Pereira de Almeida, de 32 anos, foi preso na manh\u00e3 desta quarta-feira (11), no Povoado Vista Alegre, zona rural de\u00a0Altos, 40 km de Teresina.<\/p>\n\n\n\n<p>Ele \u00e9 suspeito de ter matado o pr\u00f3prio primo, Hamilton Pereira da Silva, com um golpe de faca, no Povoado Barreiro, tamb\u00e9m na zona rural de\u00a0Altos, no dia 30 de setembro.<\/p>\n\n\n\n<p>Contra o homem havia um mandado de pris\u00e3o preventiva solicitado pela Delegacia de Pol\u00edcia Civil (DPC) de\u00a0Altos, que investiga o crime, e expedido pela ju\u00edza Carmen Maria Paixa Ferraz Soares, da 1\u00aa Vara da Comarca de\u00a0Altos, na ter\u00e7a-feira (10).<\/p>\n\n\n\n<p>A pris\u00e3o foi feita por meio da DPC de\u00a0Altos, com o apoio operacional da Guarda Municipal da cidade. A delegada-titular, Adrianne Lima, informou que o crime aconteceu &#8220;em motivo espec\u00edfico \u00e0 animosidade entre ambos&#8221;, sem dar detalhes sobre o caso, que ainda \u00e9 investigado.<\/p>\n\n\n\n<p>A delegada refor\u00e7ou o contato (86) 99409-2145 para realiza\u00e7\u00e3o de den\u00fancias an\u00f4nimas acerca de crimes na cidade. As den\u00fancias an\u00f4nimas podem ainda ser feitas pelo\u00a0site oficial da Pol\u00edcia Civil do Piau\u00ed.<\/p>\n\n\n\n<p><strong>Fonte: G1 PI<\/strong><\/p>\n","protected":false},"excerpt":{"rendered":"<p>Ant\u00f4nio \u00c9lio Pereira de Almeida, de 32 anos, foi preso na manh\u00e3 desta quarta-feira (11), no Povoado Vista Alegre, zona rural de\u00a0Altos, 40 km de Teresina. Ele \u00e9 suspeito de ter matado o pr\u00f3prio primo, Hamilton Pereira da Silva, com um golpe de faca, no Povoado Barreiro, tamb\u00e9m na zona rural de\u00a0Altos, no dia 30 [&hellip;]<\/p>\n","protected":false},"author":4,"featured_media":44252,"comment_status":"open","ping_status":"open","sticky":false,"template":"","format":"standard","meta":{"beyondwords_generate_audio":"1","beyondwords_project_id":"","beyondwords_podcast_id":"","beyondwords_hash":"","beyondwords_error_message":"","beyondwords_disabled":"","publish_post_to_speechkit":"","speechkit_generate_audio":"","speechkit_project_id":"","speechkit_podcast_id":"","speechkit_hash":"","speechkit_error_message":"","speechkit_disabled":"","speechkit_access_key":"","speechkit_error":"","speechkit_info":"","speechkit_response":"","speechkit_retries":"","_speechkit_link":"","_speechkit_text":""},"categories":[51,78],"tags":[44,72,247,330,84,85,52,79,2138,86,130],"jetpack_featured_media_url":"https:\/\/pinews.com.br\/wp-content\/uploads\/2023\/02\/policia_civil_do_piaui6-1.jpg","_links":{"self":[{"href":"https:\/\/pinews.com.br\/index.php\/wp-json\/wp\/v2\/posts\/53589"}],"collection":[{"href":"https:\/\/pinews.com.br\/index.php\/wp-json\/wp\/v2\/posts"}],"about":[{"href":"https:\/\/pinews.com.br\/index.php\/wp-json\/wp\/v2\/types\/post"}],"author":[{"embeddable":true,"href":"https:\/\/pinews.com.br\/index.php\/wp-json\/wp\/v2\/users\/4"}],"replies":[{"embeddable":true,"href":"https:\/\/pinews.com.br\/index.php\/wp-json\/wp\/v2\/comments?post=53589"}],"version-history":[{"count":1,"href":"https:\/\/pinews.com.br\/index.php\/wp-json\/wp\/v2\/posts\/53589\/revisions"}],"predecessor-version":[{"id":53590,"href":"https:\/\/pinews.com.br\/index.php\/wp-json\/wp\/v2\/posts\/53589\/revisions\/53590"}],"wp:featuredmedia":[{"embeddable":true,"href":"https:\/\/pinews.com.br\/index.php\/wp-json\/wp\/v2\/media\/44252"}],"wp:attachment":[{"href":"https:\/\/pinews.com.br\/index.php\/wp-json\/wp\/v2\/media?parent=53589"}],"wp:term":[{"taxonomy":"category","embeddable":true,"href":"https:\/\/pinews.com.br\/index.php\/wp-json\/wp\/v2\/categories?post=53589"},{"taxonomy":"post_tag","embeddable":true,"href":"https:\/\/pinews.com.br\/index.php\/wp-json\/wp\/v2\/tags?post=53589"}],"curies":[{"name":"wp","href":"https:\/\/api.w.org\/{rel}","templated":true}]}}