{"id":53664,"date":"2023-10-16T12:02:32","date_gmt":"2023-10-16T15:02:32","guid":{"rendered":"https:\/\/pinews.com.br\/?p=53664"},"modified":"2023-10-16T12:02:34","modified_gmt":"2023-10-16T15:02:34","slug":"jovem-de-29-anos-e-morto-a-tiros-enquanto-conversava-com-amigo-no-piaui","status":"publish","type":"post","link":"https:\/\/pinews.com.br\/index.php\/2023\/10\/16\/jovem-de-29-anos-e-morto-a-tiros-enquanto-conversava-com-amigo-no-piaui\/","title":{"rendered":"Jovem de 29 anos \u00e9 morto a tiros enquanto conversava com amigo no Piau\u00ed"},"content":{"rendered":"\n<p>Neste domingo (15\/10), Lucas Fernandes Alves de Almeida, de 29 anos, foi v\u00edtima de um homic\u00eddio brutal no Residencial Jacinta Andrade, situado na regi\u00e3o do bairro Santa Maria da Codipi, Zona Norte de Teresina. O crime ocorreu durante a madrugada.<\/p>\n\n\n\n<p>De acordo com informa\u00e7\u00f5es da Pol\u00edcia Militar, a v\u00edtima estava na frente de sua casa, por volta de 1h, conversando com um amigo quando tr\u00eas indiv\u00edduos em um carro se aproximaram. Um dos suspeitos desceu do ve\u00edculo encapuzado e efetuou oito disparos, atingindo a cabe\u00e7a, t\u00f3rax e bra\u00e7os de Lucas. Ele faleceu no local do crime. A \u00e1rea foi isolada pelos policiais militares aguardando a chegada da Per\u00edcia Criminal, que realizou os primeiros levantamentos do caso. Posteriormente, o corpo foi recolhido pelo Instituto de Medicina Legal (IML).<\/p>\n\n\n\n<p>O caso est\u00e1 sob investiga\u00e7\u00e3o pelo Departamento de Homic\u00eddios e Prote\u00e7\u00e3o \u00e0 Pessoa (DHPP), que busca esclarecer as circunst\u00e2ncias do crime e identificar os respons\u00e1veis.<\/p>\n\n\n\n<p><strong>Fonte: 180 graus<\/strong><\/p>\n","protected":false},"excerpt":{"rendered":"<p>Neste domingo (15\/10), Lucas Fernandes Alves de Almeida, de 29 anos, foi v\u00edtima de um homic\u00eddio brutal no Residencial Jacinta Andrade, situado na regi\u00e3o do bairro Santa Maria da Codipi, Zona Norte de Teresina. O crime ocorreu durante a madrugada. De acordo com informa\u00e7\u00f5es da Pol\u00edcia Militar, a v\u00edtima estava na frente de sua casa, [&hellip;]<\/p>\n","protected":false},"author":4,"featured_media":53665,"comment_status":"open","ping_status":"open","sticky":false,"template":"","format":"standard","meta":{"beyondwords_generate_audio":"1","beyondwords_project_id":"","beyondwords_podcast_id":"","beyondwords_hash":"","beyondwords_error_message":"","beyondwords_disabled":"","publish_post_to_speechkit":"","speechkit_generate_audio":"","speechkit_project_id":"","speechkit_podcast_id":"","speechkit_hash":"","speechkit_error_message":"","speechkit_disabled":"","speechkit_access_key":"","speechkit_error":"","speechkit_info":"","speechkit_response":"","speechkit_retries":"","_speechkit_link":"","_speechkit_text":""},"categories":[51,78,81],"tags":[5486,682,82,11921,44,72,510,266,197,52,165],"jetpack_featured_media_url":"https:\/\/pinews.com.br\/wp-content\/uploads\/2023\/10\/assassinato_8816874934864247138.webp","_links":{"self":[{"href":"https:\/\/pinews.com.br\/index.php\/wp-json\/wp\/v2\/posts\/53664"}],"collection":[{"href":"https:\/\/pinews.com.br\/index.php\/wp-json\/wp\/v2\/posts"}],"about":[{"href":"https:\/\/pinews.com.br\/index.php\/wp-json\/wp\/v2\/types\/post"}],"author":[{"embeddable":true,"href":"https:\/\/pinews.com.br\/index.php\/wp-json\/wp\/v2\/users\/4"}],"replies":[{"embeddable":true,"href":"https:\/\/pinews.com.br\/index.php\/wp-json\/wp\/v2\/comments?post=53664"}],"version-history":[{"count":1,"href":"https:\/\/pinews.com.br\/index.php\/wp-json\/wp\/v2\/posts\/53664\/revisions"}],"predecessor-version":[{"id":53666,"href":"https:\/\/pinews.com.br\/index.php\/wp-json\/wp\/v2\/posts\/53664\/revisions\/53666"}],"wp:featuredmedia":[{"embeddable":true,"href":"https:\/\/pinews.com.br\/index.php\/wp-json\/wp\/v2\/media\/53665"}],"wp:attachment":[{"href":"https:\/\/pinews.com.br\/index.php\/wp-json\/wp\/v2\/media?parent=53664"}],"wp:term":[{"taxonomy":"category","embeddable":true,"href":"https:\/\/pinews.com.br\/index.php\/wp-json\/wp\/v2\/categories?post=53664"},{"taxonomy":"post_tag","embeddable":true,"href":"https:\/\/pinews.com.br\/index.php\/wp-json\/wp\/v2\/tags?post=53664"}],"curies":[{"name":"wp","href":"https:\/\/api.w.org\/{rel}","templated":true}]}}