{"id":53670,"date":"2023-10-16T12:08:48","date_gmt":"2023-10-16T15:08:48","guid":{"rendered":"https:\/\/pinews.com.br\/?p=53670"},"modified":"2023-10-16T12:08:51","modified_gmt":"2023-10-16T15:08:51","slug":"mulher-e-presa-suspeita-de-espancar-e-matar-a-propria-sobrinha-de-5-anos-no-piaui","status":"publish","type":"post","link":"https:\/\/pinews.com.br\/index.php\/2023\/10\/16\/mulher-e-presa-suspeita-de-espancar-e-matar-a-propria-sobrinha-de-5-anos-no-piaui\/","title":{"rendered":"Mulher \u00e9 presa suspeita de espancar e matar a pr\u00f3pria sobrinha de 5 anos no Piau\u00ed"},"content":{"rendered":"\n<p>J\u00e9ssica Pais de Sousa, de 30 anos, foi presa no s\u00e1bado (14) suspeita de espancar at\u00e9 a morte a sobrinha Maria Eduarda Vit\u00f3ria de Sousa Oliveira, de 5 anos, no munic\u00edpio de Uru\u00e7u\u00ed, a 456 km de Teresina.<\/p>\n\n\n\n<p>A Pol\u00edcia Militar informou que recebeu uma liga\u00e7\u00e3o do Hospital Regional Senador Dirceu Arcoverde, do munic\u00edpio, sobre uma crian\u00e7a que deu entrada na unidade de sa\u00fade com sinais de espancamento e que acabou morrendo. Foi a pr\u00f3pria tia da crian\u00e7a que levou a menina para o hospital e que acabou sendo presa em flagrante.<\/p>\n\n\n\n<p>\u201cA PM recebeu uma liga\u00e7\u00e3o do hospital local informando que uma crian\u00e7a havia dado entrada no hospital com sinais de espancamentos. A PM foi at\u00e9 o hospital e constatou a veracidade dos fatos, e conduziu a senhora que tinha levado a crian\u00e7a para o hospital para a DP de Uru\u00e7u\u00ed para esclarecer a agress\u00e3o\u201d, informou o coronel Hort\u00eancio.<\/p>\n\n\n\n<p>Segundo o delegado Marcos Halan, ao ser informado sobre o caso, a Pol\u00edcia Civil iniciou a investiga\u00e7\u00e3o, onde descobriu que a tia tinha a guarda da menina e do irm\u00e3o dela, de 3 anos.<\/p>\n\n\n\n<blockquote class=\"wp-block-quote\">\n<p>\u201cImediatamente a equipe policial de plant\u00e3o se deslocou para o local, para averiguar a situa\u00e7\u00e3o, sendo que se tratava da tia, J\u00e9ssica e da sobrinha Maria Eduarda de 5 anos que h\u00e1 tr\u00eas meses morava com est\u00e1 devido \u00e0 m\u00e3e est\u00e1 internada em um hospital psiquiatra no estado do Goi\u00e1s\u201d, informou.<\/p>\n<\/blockquote>\n\n\n\n<p>Ele disse que a tia alegou que a menina tinha passado mal, mas chegando no hospital, a equipe m\u00e9dica apontou que ela tinha sido v\u00edtima de traumatismo. Segundo a pol\u00edcia, quando a equipe foi at\u00e9 a resid\u00eancia da tia, encontraram o local alterado, len\u00e7\u00f3is trocados e casa limpa. A mulher alegou que foi sua filha de 14 anos que teria limpado a resid\u00eancia.<\/p>\n\n\n\n<blockquote class=\"wp-block-quote\">\n<p>\u201cA per\u00edcia do local do crime constatou que havia manchas de sangue no quarto, sobre a cama que dormia a crian\u00e7a e nas roupas que estava na m\u00e1quina para ser lavada. O laudo do exame cadav\u00e9rico atestou que ocorreu um traumatismo craniano na crian\u00e7a. J\u00e9ssica segue sendo a principal suspeitas, est\u00e1 presa, pois houve v\u00e1rias contradi\u00e7\u00f5es em seu depoimento\u201d, destacou.<\/p>\n<\/blockquote>\n\n\n\n<p>O delegado explicou que a mulher tamb\u00e9m apresentou v\u00e1rias contradi\u00e7\u00f5es, chegou a dizer que estava trabalhando quando a menina passou mal e disse at\u00e9 que as marcas no corpo seriam porque Maria Eduarda tinha diabetes, mas n\u00e3o existe nenhuma comprova\u00e7\u00e3o disso. Al\u00e9m disso, o irm\u00e3o da v\u00edtima, de 4 anos, tamb\u00e9m apresentou sinais de maus tratos.<\/p>\n\n\n\n<p>\u201cEla alegou que a crian\u00e7a sofria de alguma forma de diabetes e que por isso tinha aquelas marcas de maus tratos, mas ela n\u00e3o conseguiu provar que essa crian\u00e7a tinha diabetes, mas ainda estamos investigando. O laudo m\u00e9dico apontou que a crian\u00e7a possu\u00eda a s\u00edndrome da crian\u00e7a maltratada, assim como o irm\u00e3o dela tamb\u00e9m\u201d, explicou.<\/p>\n\n\n\n<p>O irm\u00e3o de Maria Eduarda foi entregue ao Conselho Tutelar. Ele possui mais quatro irm\u00e3os que est\u00e3o com familiares. A m\u00e3e deles perdeu a guarda ap\u00f3s se internar em um hospital psiqui\u00e1trico em Goi\u00e1s onde j\u00e1 saiu e agora estava em situa\u00e7\u00e3o de rua. O pai deles tamb\u00e9m estaria em situa\u00e7\u00e3o de rua.<\/p>\n\n\n\n<p>J\u00e1 a suspeita pelos maus tratos tem tr\u00eas filhos e segue presa.<\/p>\n\n\n\n<p><strong>Fonte: B\u00e1rbara Rodrigues\/ Cidade Verde <\/strong><\/p>\n","protected":false},"excerpt":{"rendered":"<p>J\u00e9ssica Pais de Sousa, de 30 anos, foi presa no s\u00e1bado (14) suspeita de espancar at\u00e9 a morte a sobrinha Maria Eduarda Vit\u00f3ria de Sousa Oliveira, de 5 anos, no munic\u00edpio de Uru\u00e7u\u00ed, a 456 km de Teresina. A Pol\u00edcia Militar informou que recebeu uma liga\u00e7\u00e3o do Hospital Regional Senador Dirceu Arcoverde, do munic\u00edpio, sobre [&hellip;]<\/p>\n","protected":false},"author":4,"featured_media":53671,"comment_status":"open","ping_status":"open","sticky":false,"template":"","format":"standard","meta":{"beyondwords_generate_audio":"1","beyondwords_project_id":"","beyondwords_podcast_id":"","beyondwords_hash":"","beyondwords_error_message":"","beyondwords_disabled":"","publish_post_to_speechkit":"","speechkit_generate_audio":"","speechkit_project_id":"","speechkit_podcast_id":"","speechkit_hash":"","speechkit_error_message":"","speechkit_disabled":"","speechkit_access_key":"","speechkit_error":"","speechkit_info":"","speechkit_response":"","speechkit_retries":"","_speechkit_link":"","_speechkit_text":""},"categories":[51,78],"tags":[82,44,72,802,85,135,52,314,92,9736,473],"jetpack_featured_media_url":"https:\/\/pinews.com.br\/wp-content\/uploads\/2023\/10\/05706d01de30f3646db6ceca9f6352b5.jpg","_links":{"self":[{"href":"https:\/\/pinews.com.br\/index.php\/wp-json\/wp\/v2\/posts\/53670"}],"collection":[{"href":"https:\/\/pinews.com.br\/index.php\/wp-json\/wp\/v2\/posts"}],"about":[{"href":"https:\/\/pinews.com.br\/index.php\/wp-json\/wp\/v2\/types\/post"}],"author":[{"embeddable":true,"href":"https:\/\/pinews.com.br\/index.php\/wp-json\/wp\/v2\/users\/4"}],"replies":[{"embeddable":true,"href":"https:\/\/pinews.com.br\/index.php\/wp-json\/wp\/v2\/comments?post=53670"}],"version-history":[{"count":1,"href":"https:\/\/pinews.com.br\/index.php\/wp-json\/wp\/v2\/posts\/53670\/revisions"}],"predecessor-version":[{"id":53672,"href":"https:\/\/pinews.com.br\/index.php\/wp-json\/wp\/v2\/posts\/53670\/revisions\/53672"}],"wp:featuredmedia":[{"embeddable":true,"href":"https:\/\/pinews.com.br\/index.php\/wp-json\/wp\/v2\/media\/53671"}],"wp:attachment":[{"href":"https:\/\/pinews.com.br\/index.php\/wp-json\/wp\/v2\/media?parent=53670"}],"wp:term":[{"taxonomy":"category","embeddable":true,"href":"https:\/\/pinews.com.br\/index.php\/wp-json\/wp\/v2\/categories?post=53670"},{"taxonomy":"post_tag","embeddable":true,"href":"https:\/\/pinews.com.br\/index.php\/wp-json\/wp\/v2\/tags?post=53670"}],"curies":[{"name":"wp","href":"https:\/\/api.w.org\/{rel}","templated":true}]}}