{"id":53676,"date":"2023-10-16T18:14:01","date_gmt":"2023-10-16T21:14:01","guid":{"rendered":"https:\/\/pinews.com.br\/?p=53676"},"modified":"2023-10-16T18:14:04","modified_gmt":"2023-10-16T21:14:04","slug":"homem-morre-apos-colisao-entre-barcos-em-acude-em-municipio-do-piaui","status":"publish","type":"post","link":"https:\/\/pinews.com.br\/index.php\/2023\/10\/16\/homem-morre-apos-colisao-entre-barcos-em-acude-em-municipio-do-piaui\/","title":{"rendered":"Homem morre ap\u00f3s colis\u00e3o entre barcos em a\u00e7ude em munic\u00edpio do Piau\u00ed"},"content":{"rendered":"\n<p>Jo\u00e3o Batista Damasceno, mais conhecido como Batista Mundico, faleceu na tarde de domingo (15) ap\u00f3s uma colis\u00e3o entre dois barcos em um a\u00e7ude localizado no munic\u00edpio de S\u00e3o Jo\u00e3o do Arraial, a 189 km de Teresina, durante o Festival do Peixe.<\/p>\n\n\n\n<p>O acidente ocorreu no a\u00e7ude da comunidade Marruazinho, onde estava sendo realizado o Festival do Peixe, com a presen\u00e7a de v\u00e1rias embarca\u00e7\u00f5es. A v\u00edtima estava em um barco de pequeno porte quando uma lancha colidiu com a embarca\u00e7\u00e3o. Devido ao acidente, Batista Mundico n\u00e3o resistiu aos ferimentos e veio a \u00f3bito.<\/p>\n\n\n\n<p>Em nota, a Prefeitura de S\u00e3o Jo\u00e3o do Arraial esclareceu que o acidente envolveu duas embarca\u00e7\u00f5es particulares.<\/p>\n\n\n\n<blockquote class=\"wp-block-quote\">\n<p>&#8220;A Prefeitura de S\u00e3o Jo\u00e3o do Arraial esclarece que as duas embarca\u00e7\u00f5es envolvidas em um acidente no A\u00e7ude da Localidade Marruazinho neste domingo (15), onde lamentavelmente uma pessoa veio a \u00f3bito, s\u00e3o particulares e n\u00e3o possuem qualquer v\u00ednculo com a gest\u00e3o municipal ou parceria com o Governo do Estado. O fluxo de embarca\u00e7\u00f5es no a\u00e7ude durante o Festival do Peixe, realizado neste fim de semana, contou com ampla fiscaliza\u00e7\u00e3o e suporte dos Bombeiros Civis, Pol\u00edcia Militar, ambul\u00e2ncia, equipe local da Prefeitura e outros \u00f3rg\u00e3os&#8221;, afirmou.<\/p>\n<\/blockquote>\n\n\n\n<figure class=\"wp-block-image\"><img decoding=\"async\" src=\"https:\/\/cidadeverde.com\/assets\/uploads\/noticias\/5a28dc4382b4833a0f7f4f22472a749a.jpg\" alt=\"\"\/><\/figure>\n\n\n\n<p>A Prefeitura tamb\u00e9m emitiu uma nota de pesar pelo falecimento. &#8220;Ainda consternados, manifestamos nossos sentimentos e apoio aos familiares e amigos na esperan\u00e7a de que Deus conceda o conforto necess\u00e1rio a todos que o admiravam&#8221;, declarou.<\/p>\n\n\n\n<p>A Pol\u00edcia Civil ficar\u00e1 respons\u00e1vel pela investiga\u00e7\u00e3o do acidente.<\/p>\n\n\n\n<figure class=\"wp-block-image\"><img decoding=\"async\" src=\"https:\/\/cidadeverde.com\/assets\/uploads\/noticias\/082bc1bf9c5d7e04f490155d616294ba.jpg\" alt=\"\"\/><\/figure>\n\n\n\n<p><strong>Fonte: Cidade Verde <\/strong><\/p>\n","protected":false},"excerpt":{"rendered":"<p>Jo\u00e3o Batista Damasceno, mais conhecido como Batista Mundico, faleceu na tarde de domingo (15) ap\u00f3s uma colis\u00e3o entre dois barcos em um a\u00e7ude localizado no munic\u00edpio de S\u00e3o Jo\u00e3o do Arraial, a 189 km de Teresina, durante o Festival do Peixe. O acidente ocorreu no a\u00e7ude da comunidade Marruazinho, onde estava sendo realizado o Festival [&hellip;]<\/p>\n","protected":false},"author":1,"featured_media":53677,"comment_status":"open","ping_status":"open","sticky":false,"template":"","format":"standard","meta":{"beyondwords_generate_audio":"1","beyondwords_project_id":"","beyondwords_podcast_id":"","beyondwords_hash":"","beyondwords_error_message":"","beyondwords_disabled":"","publish_post_to_speechkit":"","speechkit_generate_audio":"","speechkit_project_id":"","speechkit_podcast_id":"","speechkit_hash":"","speechkit_error_message":"","speechkit_disabled":"","speechkit_access_key":"","speechkit_error":"","speechkit_info":"","speechkit_response":"","speechkit_retries":"","_speechkit_link":"","_speechkit_text":""},"categories":[51],"tags":[1224,70,11923,256,46,178,84,119,50,52],"jetpack_featured_media_url":"https:\/\/pinews.com.br\/wp-content\/uploads\/2023\/10\/1b0617fab540b34e5909ef84924ecbf5.jpg","_links":{"self":[{"href":"https:\/\/pinews.com.br\/index.php\/wp-json\/wp\/v2\/posts\/53676"}],"collection":[{"href":"https:\/\/pinews.com.br\/index.php\/wp-json\/wp\/v2\/posts"}],"about":[{"href":"https:\/\/pinews.com.br\/index.php\/wp-json\/wp\/v2\/types\/post"}],"author":[{"embeddable":true,"href":"https:\/\/pinews.com.br\/index.php\/wp-json\/wp\/v2\/users\/1"}],"replies":[{"embeddable":true,"href":"https:\/\/pinews.com.br\/index.php\/wp-json\/wp\/v2\/comments?post=53676"}],"version-history":[{"count":1,"href":"https:\/\/pinews.com.br\/index.php\/wp-json\/wp\/v2\/posts\/53676\/revisions"}],"predecessor-version":[{"id":53678,"href":"https:\/\/pinews.com.br\/index.php\/wp-json\/wp\/v2\/posts\/53676\/revisions\/53678"}],"wp:featuredmedia":[{"embeddable":true,"href":"https:\/\/pinews.com.br\/index.php\/wp-json\/wp\/v2\/media\/53677"}],"wp:attachment":[{"href":"https:\/\/pinews.com.br\/index.php\/wp-json\/wp\/v2\/media?parent=53676"}],"wp:term":[{"taxonomy":"category","embeddable":true,"href":"https:\/\/pinews.com.br\/index.php\/wp-json\/wp\/v2\/categories?post=53676"},{"taxonomy":"post_tag","embeddable":true,"href":"https:\/\/pinews.com.br\/index.php\/wp-json\/wp\/v2\/tags?post=53676"}],"curies":[{"name":"wp","href":"https:\/\/api.w.org\/{rel}","templated":true}]}}