{"id":53688,"date":"2023-10-17T11:39:59","date_gmt":"2023-10-17T14:39:59","guid":{"rendered":"https:\/\/pinews.com.br\/?p=53688"},"modified":"2023-10-17T11:40:02","modified_gmt":"2023-10-17T14:40:02","slug":"idoso-e-preso-por-matar-jovem-com-facada-apos-desentendimento-em-bar-no-piaui","status":"publish","type":"post","link":"https:\/\/pinews.com.br\/index.php\/2023\/10\/17\/idoso-e-preso-por-matar-jovem-com-facada-apos-desentendimento-em-bar-no-piaui\/","title":{"rendered":"Idoso \u00e9 preso por matar jovem com facada ap\u00f3s desentendimento em bar no Piau\u00ed"},"content":{"rendered":"\n<p>Na tarde desta segunda-feira (16\/10), a pol\u00edcia prendeu em flagrante Carlos Alberto Silva, de 64 anos, na localidade Ocos, zona rural do munic\u00edpio de Barras, no Norte do Piau\u00ed. Ele \u00e9 o principal suspeito de ter matado Tiago Alves de Oliveira, de 24 anos, ap\u00f3s um desentendimento em um bar da cidade no domingo (15) por volta das 19 horas.<\/p>\n\n\n\n<p>Segundo informa\u00e7\u00f5es da Pol\u00edcia Militar, Carlos Alberto atingiu Tiago com uma facada na regi\u00e3o da coxa durante o desentendimento. Tiago foi socorrido e levado a um hospital em Barras, mas infelizmente n\u00e3o resistiu aos ferimentos e veio a \u00f3bito devido \u00e0 perda de sangue.<\/p>\n\n\n\n<p>As autoridades explicaram que as dilig\u00eancias para capturar o suspeito come\u00e7aram imediatamente ap\u00f3s o crime. Receberam informa\u00e7\u00f5es de que ele havia fugido para Nossa Senhora dos Rem\u00e9dios e, ap\u00f3s investiga\u00e7\u00f5es, conseguiram localiz\u00e1-lo por volta das 12 horas na localidade Ocos, na zona rural de Barras, pr\u00f3xima \u00e0 divisa com Nossa Senhora dos Rem\u00e9dios. Carlos Alberto e Tiago eram conhecidos por frequentar o mesmo c\u00edrculo social e costumavam beber juntos. No entanto, o desentendimento ocorreu quando estavam saindo do bar, resultando na facada fatal.<\/p>\n\n\n\n<p>Carlos Alberto Silva j\u00e1 tinha antecedentes criminais por outro homic\u00eddio, o que agrava ainda mais a sua situa\u00e7\u00e3o. Ele confessou o crime \u00e0 pol\u00edcia, que encontrou a arma utilizada no homic\u00eddio em sua posse. O suspeito foi detido e levado para a delegacia de Pol\u00edcia Civil da regi\u00e3o, onde permanecer\u00e1 \u00e0 disposi\u00e7\u00e3o da justi\u00e7a para responder pelos seus atos.<\/p>\n\n\n\n<p><strong>Fonte: 180 graus<\/strong><\/p>\n","protected":false},"excerpt":{"rendered":"<p>Na tarde desta segunda-feira (16\/10), a pol\u00edcia prendeu em flagrante Carlos Alberto Silva, de 64 anos, na localidade Ocos, zona rural do munic\u00edpio de Barras, no Norte do Piau\u00ed. Ele \u00e9 o principal suspeito de ter matado Tiago Alves de Oliveira, de 24 anos, ap\u00f3s um desentendimento em um bar da cidade no domingo (15) [&hellip;]<\/p>\n","protected":false},"author":4,"featured_media":53689,"comment_status":"open","ping_status":"open","sticky":false,"template":"","format":"standard","meta":{"beyondwords_generate_audio":"1","beyondwords_project_id":"","beyondwords_podcast_id":"","beyondwords_hash":"","beyondwords_error_message":"","beyondwords_disabled":"","publish_post_to_speechkit":"","speechkit_generate_audio":"","speechkit_project_id":"","speechkit_podcast_id":"","speechkit_hash":"","speechkit_error_message":"","speechkit_disabled":"","speechkit_access_key":"","speechkit_error":"","speechkit_info":"","speechkit_response":"","speechkit_retries":"","_speechkit_link":"","_speechkit_text":""},"categories":[51,78],"tags":[70,1165,1954,72,46,1264,64,266,85,52,59,79],"jetpack_featured_media_url":"https:\/\/pinews.com.br\/wp-content\/uploads\/2023\/10\/1_-7207691908417069857.jpg","_links":{"self":[{"href":"https:\/\/pinews.com.br\/index.php\/wp-json\/wp\/v2\/posts\/53688"}],"collection":[{"href":"https:\/\/pinews.com.br\/index.php\/wp-json\/wp\/v2\/posts"}],"about":[{"href":"https:\/\/pinews.com.br\/index.php\/wp-json\/wp\/v2\/types\/post"}],"author":[{"embeddable":true,"href":"https:\/\/pinews.com.br\/index.php\/wp-json\/wp\/v2\/users\/4"}],"replies":[{"embeddable":true,"href":"https:\/\/pinews.com.br\/index.php\/wp-json\/wp\/v2\/comments?post=53688"}],"version-history":[{"count":1,"href":"https:\/\/pinews.com.br\/index.php\/wp-json\/wp\/v2\/posts\/53688\/revisions"}],"predecessor-version":[{"id":53690,"href":"https:\/\/pinews.com.br\/index.php\/wp-json\/wp\/v2\/posts\/53688\/revisions\/53690"}],"wp:featuredmedia":[{"embeddable":true,"href":"https:\/\/pinews.com.br\/index.php\/wp-json\/wp\/v2\/media\/53689"}],"wp:attachment":[{"href":"https:\/\/pinews.com.br\/index.php\/wp-json\/wp\/v2\/media?parent=53688"}],"wp:term":[{"taxonomy":"category","embeddable":true,"href":"https:\/\/pinews.com.br\/index.php\/wp-json\/wp\/v2\/categories?post=53688"},{"taxonomy":"post_tag","embeddable":true,"href":"https:\/\/pinews.com.br\/index.php\/wp-json\/wp\/v2\/tags?post=53688"}],"curies":[{"name":"wp","href":"https:\/\/api.w.org\/{rel}","templated":true}]}}