{"id":53705,"date":"2023-10-17T11:55:43","date_gmt":"2023-10-17T14:55:43","guid":{"rendered":"https:\/\/pinews.com.br\/?p=53705"},"modified":"2023-10-17T11:55:46","modified_gmt":"2023-10-17T14:55:46","slug":"adolescente-de-15-anos-ateia-fogo-em-casa-e-ataca-mae-em-picos","status":"publish","type":"post","link":"https:\/\/pinews.com.br\/index.php\/2023\/10\/17\/adolescente-de-15-anos-ateia-fogo-em-casa-e-ataca-mae-em-picos\/","title":{"rendered":"Adolescente de 15 anos ateia fogo em casa e ataca m\u00e3e em Picos"},"content":{"rendered":"\n<p>Uma adolescente de 15 anos foi apreendida ap\u00f3s atear fogo na resid\u00eancia onde mora com a fam\u00edlia e agredir sua pr\u00f3pria m\u00e3e. O fato aconteceu no \u00faltimo s\u00e1bado (14), no munic\u00edpio de Picos. Ela est\u00e1 internada no Complexo de Defesa da CIdadania e teria confessado o ato infracional. Em v\u00eddeos enviados a m\u00e3e, a jovem mostra o inc\u00eandio de afirma: &#8220;para ela aprender, toquei fogo mesmo&#8221;.<\/p>\n\n\n\n<figure class=\"wp-block-embed is-type-video is-provider-youtube wp-block-embed-youtube wp-embed-aspect-16-9 wp-has-aspect-ratio\"><div class=\"wp-block-embed__wrapper\">\n<iframe loading=\"lazy\" title=\"Filha manda v\u00eddeos para m\u00e3e ap\u00f3s incendiar casa\" width=\"1170\" height=\"658\" src=\"https:\/\/www.youtube.com\/embed\/kBbcpZyiIbc?feature=oembed\" frameborder=\"0\" allow=\"accelerometer; autoplay; clipboard-write; encrypted-media; gyroscope; picture-in-picture; web-share\" allowfullscreen><\/iframe>\n<\/div><\/figure>\n\n\n\n<p>Segundo o depoimento da m\u00e3e \u00e0 pol\u00edcia, a adolescente a teria agredido no dia anterior, sexta-feira (13), utilizando chutes, pux\u00f5es de cabelo e mordidas. O cen\u00e1rio de viol\u00eancia foi agravado no dia seguinte, quando a jovem ligou para sua tia e amea\u00e7ou incendiar a casa e, posteriormente, tirar a vida de sua genitora.<\/p>\n\n\n\n<p>Diante da amea\u00e7a, Girlene decidiu deixar a casa, levando consigo sua filha mais nova, uma crian\u00e7a de 8 anos. Em seguida, a adolescente cumpriu sua amea\u00e7a, ateando fogo na resid\u00eancia, que acabou completamente destru\u00edda. As autoridades do Corpo de Bombeiros foram acionadas para conter o inc\u00eandio. A m\u00e3e tamb\u00e9m revelou \u00e0 pol\u00edcia que sua filha adolescente \u00e9 usu\u00e1ria de drogas e que a viol\u00eancia se desencadeou devido a desentendimentos relacionados ao namoro da jovem.<\/p>\n\n\n\n<p>A delegada Francineide Fontes, respons\u00e1vel pelo caso, informou que a adolescente est\u00e1 internada no Complexo de Defesa, em Picos, aguardando passar por audi\u00eancia de representa\u00e7\u00e3o. Ela confessou que ateou fogo, mas a Pol\u00edcia Civil aguarda o resultado do laudo pericial no local do inc\u00eandio para prosseguir com as investiga\u00e7\u00f5es.<\/p>\n\n\n\n<p><strong>Fonte: Edielson Mota\/ Cidade Verde<\/strong> <\/p>\n","protected":false},"excerpt":{"rendered":"<p>Uma adolescente de 15 anos foi apreendida ap\u00f3s atear fogo na resid\u00eancia onde mora com a fam\u00edlia e agredir sua pr\u00f3pria m\u00e3e. O fato aconteceu no \u00faltimo s\u00e1bado (14), no munic\u00edpio de Picos. Ela est\u00e1 internada no Complexo de Defesa da CIdadania e teria confessado o ato infracional. Em v\u00eddeos enviados a m\u00e3e, a jovem [&hellip;]<\/p>\n","protected":false},"author":4,"featured_media":53706,"comment_status":"open","ping_status":"open","sticky":false,"template":"","format":"standard","meta":{"beyondwords_generate_audio":"1","beyondwords_project_id":"","beyondwords_podcast_id":"","beyondwords_hash":"","beyondwords_error_message":"","beyondwords_disabled":"","publish_post_to_speechkit":"","speechkit_generate_audio":"","speechkit_project_id":"","speechkit_podcast_id":"","speechkit_hash":"","speechkit_error_message":"","speechkit_disabled":"","speechkit_access_key":"","speechkit_error":"","speechkit_info":"","speechkit_response":"","speechkit_retries":"","_speechkit_link":"","_speechkit_text":""},"categories":[124,51,126,78],"tags":[180,177,82,8075,5784,149,44,46,1675,117,125],"jetpack_featured_media_url":"https:\/\/pinews.com.br\/wp-content\/uploads\/2023\/10\/ca43a6d37d98022e570f9bd49d589c23-1.jpg","_links":{"self":[{"href":"https:\/\/pinews.com.br\/index.php\/wp-json\/wp\/v2\/posts\/53705"}],"collection":[{"href":"https:\/\/pinews.com.br\/index.php\/wp-json\/wp\/v2\/posts"}],"about":[{"href":"https:\/\/pinews.com.br\/index.php\/wp-json\/wp\/v2\/types\/post"}],"author":[{"embeddable":true,"href":"https:\/\/pinews.com.br\/index.php\/wp-json\/wp\/v2\/users\/4"}],"replies":[{"embeddable":true,"href":"https:\/\/pinews.com.br\/index.php\/wp-json\/wp\/v2\/comments?post=53705"}],"version-history":[{"count":1,"href":"https:\/\/pinews.com.br\/index.php\/wp-json\/wp\/v2\/posts\/53705\/revisions"}],"predecessor-version":[{"id":53707,"href":"https:\/\/pinews.com.br\/index.php\/wp-json\/wp\/v2\/posts\/53705\/revisions\/53707"}],"wp:featuredmedia":[{"embeddable":true,"href":"https:\/\/pinews.com.br\/index.php\/wp-json\/wp\/v2\/media\/53706"}],"wp:attachment":[{"href":"https:\/\/pinews.com.br\/index.php\/wp-json\/wp\/v2\/media?parent=53705"}],"wp:term":[{"taxonomy":"category","embeddable":true,"href":"https:\/\/pinews.com.br\/index.php\/wp-json\/wp\/v2\/categories?post=53705"},{"taxonomy":"post_tag","embeddable":true,"href":"https:\/\/pinews.com.br\/index.php\/wp-json\/wp\/v2\/tags?post=53705"}],"curies":[{"name":"wp","href":"https:\/\/api.w.org\/{rel}","templated":true}]}}