{"id":53825,"date":"2023-10-23T11:56:00","date_gmt":"2023-10-23T14:56:00","guid":{"rendered":"https:\/\/pinews.com.br\/?p=53825"},"modified":"2023-10-23T11:56:02","modified_gmt":"2023-10-23T14:56:02","slug":"dois-piauienses-morreram-em-acidente-com-onibus-clandestino-no-distrito-federal","status":"publish","type":"post","link":"https:\/\/pinews.com.br\/index.php\/2023\/10\/23\/dois-piauienses-morreram-em-acidente-com-onibus-clandestino-no-distrito-federal\/","title":{"rendered":"Dois piauienses morreram em acidente com \u00f4nibus clandestino no Distrito Federal"},"content":{"rendered":"\n<p>Dois piauienses morrem em acidente com \u00f4nibus clandestino no Distrito Federal.\u00a0O acidente aconteceu neste s\u00e1bado (21), por volta das 18h, na BR-070, na altura de Ceil\u00e2ndia, no Distrito Federal.\u00a0No total sete pessoas morreram no acidente.<\/p>\n\n\n\n<p>Confira a lista dos mortos no acidente:<\/p>\n\n\n\n<p>Jo\u00e3o Freire de Sousa, de 57 anos, do munic\u00edpio de Coroat\u00e1 (MA)<\/p>\n\n\n\n<p>Maria Eliete Gomes da Silva, de 57 anos, do munic\u00edpio de Barra do Corda (MA)<\/p>\n\n\n\n<p>Maria de Deus Fernandes Crateus, de 64 anos, do munic\u00edpio de Caxias (MA)<\/p>\n\n\n\n<p>Francisco Ferreira da Silva, (PI)<\/p>\n\n\n\n<p>Claudia Maria Moreira Marques de Sousa (PI)<\/p>\n\n\n\n<p>Duas outras v\u00edtimas n\u00e3o resistiram aos ferimentos e morreram no hospital. Suas identidades ainda n\u00e3o foram reveladas.<\/p>\n\n\n\n<p><strong>Pol\u00edcia do DF prende dois por acidente com \u00f4nibus clandestino no Distrito Federal<\/strong><\/p>\n\n\n\n<p>A Pol\u00edcia Civil do Distrito Federal prendeu dois homens, um de 32 anos e outro de 56, em flagrante pelo acidente envolvendo um \u00f4nibus clandestino e que deixou sete mortos na noite de s\u00e1bado (21).<\/p>\n\n\n\n<p>Os detidos s\u00e3o o motorista do \u00f4nibus e o dono do ve\u00edculo, que foram acusados de homic\u00eddio qualificado e les\u00e3o corporal.<\/p>\n\n\n\n<p>Na ocorr\u00eancia registrada, a pol\u00edcia narra que o dono do \u00f4nibus, que estava em outro ve\u00edculo e era pai do motorista, informou aos fiscais que o coletivo n\u00e3o iria para a rodovi\u00e1ria e sim para a Pol\u00edcia Federal. O motorista do \u00f4nibus arrancou com o ve\u00edculo e perdeu a dire\u00e7\u00e3o, provocando o acidente. Em nota, a ANTT afirmou que, &#8220;em nenhum momento, houve persegui\u00e7\u00e3o por parte da equipe da Ag\u00eancia&#8221;.<\/p>\n\n\n\n<p>De acordo com a ag\u00eancia, &#8220;na fiscaliza\u00e7\u00e3o no posto da PRF, al\u00e9m de constatar a falta de autoriza\u00e7\u00e3o para transporte, foi identificado que o ve\u00edculo estava sem seguro e com os pneus carecas&#8221;. A ANTT explicou que \u00e9 padr\u00e3o encaminhar o ve\u00edculo ao terminal rodovi\u00e1rio mais pr\u00f3ximo para que os passageiros possam embarcar em outra companhia com os custos bancados pela empresa de origem que teve irregularidade identificada. (Fonte: Estad\u00e3o Conte\u00fado).<\/p>\n\n\n\n<p><strong>Entenda o acidente<\/strong><\/p>\n\n\n\n<p>A Pol\u00edcia Rodovi\u00e1ria Federal (PRF) afirmou que o acidente ocorreu por volta das 18h deste s\u00e1bado, na BR-070, na altura de Ceil\u00e2ndia, no Distrito Federal.<\/p>\n\n\n\n<p>Quatro pessoas morreram no local e uma outra v\u00edtima n\u00e3o resistiu ap\u00f3s ser socorrida para um hospital de Taguatinga, conforme o Corpo de Bombeiros.<\/p>\n\n\n\n<p>Al\u00e9m disso, 18 passageiros ficaram feridos e recebem atendimento m\u00e9dico. Quatro deles est\u00e3o em estado grave.<\/p>\n\n\n\n<p>De acordo com a ANTT, o ve\u00edculo havia passado por uma fiscaliza\u00e7\u00e3o momentos antes do acidente, que constatou que o \u00f4nibus estava em situa\u00e7\u00e3o irregular. &#8220;O ve\u00edculo de placa JHN-2973 n\u00e3o possui autoriza\u00e7\u00e3o para transporte interestadual de passageiros, sendo considerado um servi\u00e7o clandestino&#8221;, disse.<\/p>\n\n\n\n<p>Tamb\u00e9m foi identificado que o \u00f4nibus estava sem seguro e com os pneus &#8220;carecas&#8221;.<\/p>\n\n\n\n<p>De acordo com nota da Ag\u00eancia Nacional de Transportes Terrestres (ANTT), &#8220;na fiscaliza\u00e7\u00e3o no posto da PRF, al\u00e9m de constatar a falta de autoriza\u00e7\u00e3o para transporte, foi identificado que o ve\u00edculo estava sem seguro e com os pneus carecas&#8221;. Durante a escolta do \u00f4nibus at\u00e9 a rodovi\u00e1ria, onde seria apreendido, o motorista tentou fugir dos agentes, causando o acidente.<\/p>\n\n\n\n<p>Por conta disso, o \u00f4nibus passou a ser escoltado at\u00e9 o terminal rodovi\u00e1rio mais pr\u00f3ximo. No caso, o Terminal Rodovi\u00e1rio de Taguatinga. Segundo A ANTT, esse \u00e9 o procedimento padr\u00e3o adotado neste tipo de caso.<\/p>\n\n\n\n<p>Antes de chegar ao destino final, no entanto, o motorista teria tentado fugir, segundo a ag\u00eancia. Ele perdeu o controle do ve\u00edculo e o \u00f4nibus tombou no canteiro central da rodovia. Conforme a ANTT, n\u00e3o houve persegui\u00e7\u00e3o por parte da equipe da ag\u00eancia. &#8220;A Ag\u00eancia Nacional de Transportes Terrestres lamenta e expressa solidariedade aos familiares das v\u00edtimas do acidente&#8221;, disse.<\/p>\n\n\n\n<p>Confira a nota da ANTT na \u00edntegra.<\/p>\n\n\n\n<blockquote class=\"wp-block-quote\">\n<p>&#8220;Ag\u00eancia Nacional de Transportes Terrestres lamenta e expressa solidariedade aos familiares das v\u00edtimas do acidente envolvendo um \u00f4nibus neste s\u00e1bado (21) na BR-070, no Distrito Federal, e esclarece que fornecer\u00e1 todas as informa\u00e7\u00f5es necess\u00e1rias \u00e0s autoridades de seguran\u00e7a p\u00fablica para apoiar as investiga\u00e7\u00f5es.<\/p>\n\n\n\n<p>A ANTT informa que o ve\u00edculo de placa JHN-2973 n\u00e3o possui autoriza\u00e7\u00e3o para transporte interestadual de passageiros, sendo considerado um servi\u00e7o clandestino. O \u00f4nibus foi abordado no posto da Pol\u00edcia Rodovi\u00e1ria Federal (PRF), onde a corpora\u00e7\u00e3o e fiscais da ANTT constataram a situa\u00e7\u00e3o irregular do transporte. Como procedimento padr\u00e3o neste tipo de situa\u00e7\u00e3o de flagrante, o ve\u00edculo \u00e9 escoltado at\u00e9 o terminal rodovi\u00e1rio mais pr\u00f3ximo, onde \u00e9 efetivamente apreendido e os passageiros podem seguir viagem por linha regular, sob responsabilidade de custa da empresa infratora.<\/p>\n\n\n\n<p>O acidente ocorreu quando o motorista do \u00f4nibus, que estava sendo escoltado por uma viatura da ANTT at\u00e9 o Terminal Rodovi\u00e1rio de Taguatinga, tentou empreender uma fuga na BR-070. A Ag\u00eancia esclarece que, em nenhum momento, houve persegui\u00e7\u00e3o por parte da equipe da Ag\u00eancia. Na fiscaliza\u00e7\u00e3o no posto da PRF, al\u00e9m de constatar a falta de autoriza\u00e7\u00e3o para transporte, foi identificado que o ve\u00edculo estava sem seguro e com os pneus carecas.<\/p>\n\n\n\n<p>Vale destacar que, nas empresas outorgadas pela Ag\u00eancia, quando ocorrem acidentes, existe a obriga\u00e7\u00e3o de comunica\u00e7\u00e3o dos fatos, e dependendo da causa, s\u00e3o abertos procedimentos para verifica\u00e7\u00e3o das condi\u00e7\u00f5es de seguran\u00e7a&#8221;.<\/p>\n<\/blockquote>\n\n\n\n<p><strong>Fonte: Estad\u00e3o Conte\u00fado<\/strong><\/p>\n","protected":false},"excerpt":{"rendered":"<p>Dois piauienses morrem em acidente com \u00f4nibus clandestino no Distrito Federal.\u00a0O acidente aconteceu neste s\u00e1bado (21), por volta das 18h, na BR-070, na altura de Ceil\u00e2ndia, no Distrito Federal.\u00a0No total sete pessoas morreram no acidente. Confira a lista dos mortos no acidente: Jo\u00e3o Freire de Sousa, de 57 anos, do munic\u00edpio de Coroat\u00e1 (MA) Maria [&hellip;]<\/p>\n","protected":false},"author":1,"featured_media":53826,"comment_status":"open","ping_status":"open","sticky":false,"template":"","format":"standard","meta":{"beyondwords_generate_audio":"1","beyondwords_project_id":"","beyondwords_podcast_id":"","beyondwords_hash":"","beyondwords_error_message":"","beyondwords_disabled":"","publish_post_to_speechkit":"","speechkit_generate_audio":"","speechkit_project_id":"","speechkit_podcast_id":"","speechkit_hash":"","speechkit_error_message":"","speechkit_disabled":"","speechkit_access_key":"","speechkit_error":"","speechkit_info":"","speechkit_response":"","speechkit_retries":"","_speechkit_link":"","_speechkit_text":""},"categories":[134,51],"tags":[176,9632,5908,106,46,5461,5401,301,743],"jetpack_featured_media_url":"https:\/\/pinews.com.br\/wp-content\/uploads\/2023\/10\/7e4556356921a227c4d2631e7dbc56e2.jpg","_links":{"self":[{"href":"https:\/\/pinews.com.br\/index.php\/wp-json\/wp\/v2\/posts\/53825"}],"collection":[{"href":"https:\/\/pinews.com.br\/index.php\/wp-json\/wp\/v2\/posts"}],"about":[{"href":"https:\/\/pinews.com.br\/index.php\/wp-json\/wp\/v2\/types\/post"}],"author":[{"embeddable":true,"href":"https:\/\/pinews.com.br\/index.php\/wp-json\/wp\/v2\/users\/1"}],"replies":[{"embeddable":true,"href":"https:\/\/pinews.com.br\/index.php\/wp-json\/wp\/v2\/comments?post=53825"}],"version-history":[{"count":1,"href":"https:\/\/pinews.com.br\/index.php\/wp-json\/wp\/v2\/posts\/53825\/revisions"}],"predecessor-version":[{"id":53827,"href":"https:\/\/pinews.com.br\/index.php\/wp-json\/wp\/v2\/posts\/53825\/revisions\/53827"}],"wp:featuredmedia":[{"embeddable":true,"href":"https:\/\/pinews.com.br\/index.php\/wp-json\/wp\/v2\/media\/53826"}],"wp:attachment":[{"href":"https:\/\/pinews.com.br\/index.php\/wp-json\/wp\/v2\/media?parent=53825"}],"wp:term":[{"taxonomy":"category","embeddable":true,"href":"https:\/\/pinews.com.br\/index.php\/wp-json\/wp\/v2\/categories?post=53825"},{"taxonomy":"post_tag","embeddable":true,"href":"https:\/\/pinews.com.br\/index.php\/wp-json\/wp\/v2\/tags?post=53825"}],"curies":[{"name":"wp","href":"https:\/\/api.w.org\/{rel}","templated":true}]}}