{"id":53853,"date":"2023-10-24T20:57:27","date_gmt":"2023-10-24T23:57:27","guid":{"rendered":"https:\/\/pinews.com.br\/?p=53853"},"modified":"2023-10-24T20:57:29","modified_gmt":"2023-10-24T23:57:29","slug":"curto-circuito-em-motor-de-portao-causa-incendio-em-loja-de-celulares-no-piaui","status":"publish","type":"post","link":"https:\/\/pinews.com.br\/index.php\/2023\/10\/24\/curto-circuito-em-motor-de-portao-causa-incendio-em-loja-de-celulares-no-piaui\/","title":{"rendered":"Curto-circuito em motor de port\u00e3o causa inc\u00eandio em loja de celulares no Piau\u00ed"},"content":{"rendered":"\n<p>Um\u00a0inc\u00eandio atingiu uma loja de celulares\u00a0na Avenida Bucar Neto, Centro de Floriano, no interior do Piau\u00ed. O Corpo de Bombeiros foi acionado por volta de 14h45, desta ter\u00e7a-feira (24). Imagens, gravadas por pessoas que passavam pelo local, mostram a a\u00e7\u00e3o de populares para tentar apagar as chamas, que teriam iniciado ap\u00f3s um\u00a0curto-circuito no motor do port\u00e3o de entrada.<\/p>\n\n\n\n<p>De acordo com o 3\u00ba Batalh\u00e3o da Pol\u00edcia Militar (BPM), a loja ainda estava fechada no momento do inc\u00eandio.<\/p>\n\n\n\n<p>&#8220;Tiveram que usar um p\u00e9 de cabra para arrombar o estabelecimento e entrar. O fogo j\u00e1 estava se alastrando, mas conseguiram extinguir. Fizeram o rescaldo para evitar que as chamas avan\u00e7assem novamente&#8221;, informou o 3\u00ba BPM, de Floriano.&nbsp;<\/p>\n\n\n\n<p>Al\u00e9m dos extintores de inc\u00eandio, os bombeiros utilizaram \u00e1gua para apagar o fogo. A concession\u00e1ria de energia foi acionada para realizar o desligamento da rede de energia e evitar novos curtos-circuitos.&nbsp;<\/p>\n\n\n\n<p>A causa do inc\u00eandio ser\u00e1 confirmada ap\u00f3s per\u00edcia.&nbsp;<\/p>\n\n\n\n<p><strong>Fonte: Graciane Ara\u00fajo\/ Cidade Verde<\/strong> <\/p>\n","protected":false},"excerpt":{"rendered":"<p>Um\u00a0inc\u00eandio atingiu uma loja de celulares\u00a0na Avenida Bucar Neto, Centro de Floriano, no interior do Piau\u00ed. O Corpo de Bombeiros foi acionado por volta de 14h45, desta ter\u00e7a-feira (24). Imagens, gravadas por pessoas que passavam pelo local, mostram a a\u00e7\u00e3o de populares para tentar apagar as chamas, que teriam iniciado ap\u00f3s um\u00a0curto-circuito no motor do [&hellip;]<\/p>\n","protected":false},"author":4,"featured_media":53854,"comment_status":"open","ping_status":"open","sticky":false,"template":"","format":"standard","meta":{"beyondwords_generate_audio":"1","beyondwords_project_id":"","beyondwords_podcast_id":"","beyondwords_hash":"","beyondwords_error_message":"","beyondwords_disabled":"","publish_post_to_speechkit":"","speechkit_generate_audio":"","speechkit_project_id":"","speechkit_podcast_id":"","speechkit_hash":"","speechkit_error_message":"","speechkit_disabled":"","speechkit_access_key":"","speechkit_error":"","speechkit_info":"","speechkit_response":"","speechkit_retries":"","_speechkit_link":"","_speechkit_text":""},"categories":[51],"tags":[172,658,6565,44,46,547,589,9547,52,10338],"jetpack_featured_media_url":"https:\/\/pinews.com.br\/wp-content\/uploads\/2023\/10\/bombeiros13.jpg","_links":{"self":[{"href":"https:\/\/pinews.com.br\/index.php\/wp-json\/wp\/v2\/posts\/53853"}],"collection":[{"href":"https:\/\/pinews.com.br\/index.php\/wp-json\/wp\/v2\/posts"}],"about":[{"href":"https:\/\/pinews.com.br\/index.php\/wp-json\/wp\/v2\/types\/post"}],"author":[{"embeddable":true,"href":"https:\/\/pinews.com.br\/index.php\/wp-json\/wp\/v2\/users\/4"}],"replies":[{"embeddable":true,"href":"https:\/\/pinews.com.br\/index.php\/wp-json\/wp\/v2\/comments?post=53853"}],"version-history":[{"count":1,"href":"https:\/\/pinews.com.br\/index.php\/wp-json\/wp\/v2\/posts\/53853\/revisions"}],"predecessor-version":[{"id":53855,"href":"https:\/\/pinews.com.br\/index.php\/wp-json\/wp\/v2\/posts\/53853\/revisions\/53855"}],"wp:featuredmedia":[{"embeddable":true,"href":"https:\/\/pinews.com.br\/index.php\/wp-json\/wp\/v2\/media\/53854"}],"wp:attachment":[{"href":"https:\/\/pinews.com.br\/index.php\/wp-json\/wp\/v2\/media?parent=53853"}],"wp:term":[{"taxonomy":"category","embeddable":true,"href":"https:\/\/pinews.com.br\/index.php\/wp-json\/wp\/v2\/categories?post=53853"},{"taxonomy":"post_tag","embeddable":true,"href":"https:\/\/pinews.com.br\/index.php\/wp-json\/wp\/v2\/tags?post=53853"}],"curies":[{"name":"wp","href":"https:\/\/api.w.org\/{rel}","templated":true}]}}