{"id":53915,"date":"2023-10-28T11:34:02","date_gmt":"2023-10-28T14:34:02","guid":{"rendered":"https:\/\/pinews.com.br\/?p=53915"},"modified":"2023-10-28T11:34:04","modified_gmt":"2023-10-28T14:34:04","slug":"colisao-entre-moto-e-carro-deixa-homem-com-perna-esmada-no-piaui","status":"publish","type":"post","link":"https:\/\/pinews.com.br\/index.php\/2023\/10\/28\/colisao-entre-moto-e-carro-deixa-homem-com-perna-esmada-no-piaui\/","title":{"rendered":"Colis\u00e3o entre moto e carro deixa homem com perna esmada no Piau\u00ed"},"content":{"rendered":"\n<p>Um acidente grave chocou a zona rural do munic\u00edpio de Jos\u00e9 de Freitas, Piau\u00ed, na noite desta sexta-feira (27\/10). Uma colis\u00e3o envolvendo uma motocicleta e um carro resultou em s\u00e9rias les\u00f5es para o condutor da moto, que ficou gravemente ferido.<\/p>\n\n\n\n<p>De acordo com informa\u00e7\u00f5es fornecidas por testemunhas que estavam presentes no local do acidente, o condutor da motocicleta sofreu les\u00f5es extremamente graves, incluindo a fratura de uma perna e a esmagamento da outra, decorrentes do impacto violento da colis\u00e3o. Al\u00e9m disso, a motocicleta em que ele estava ficou completamente destru\u00edda, evidenciando a for\u00e7a da colis\u00e3o.<\/p>\n\n\n\n<p>Para prestar atendimento m\u00e9dico de urg\u00eancia, uma equipe do Servi\u00e7o de Urg\u00eancia M\u00f3vel (SAMU) foi acionada e rapidamente chegou ao local. A v\u00edtima foi estabilizada e, em seguida, encaminhada para o Hospital de Urg\u00eancia de Teresina, onde receber\u00e1 o tratamento necess\u00e1rio para suas graves les\u00f5es. As circunst\u00e2ncias precisas do acidente e os detalhes envolvendo os ve\u00edculos e os envolvidos ser\u00e3o objeto de investiga\u00e7\u00e3o pelas autoridades competentes.<\/p>\n\n\n\n<p><strong>Fonte: 180 graus<\/strong><\/p>\n","protected":false},"excerpt":{"rendered":"<p>Um acidente grave chocou a zona rural do munic\u00edpio de Jos\u00e9 de Freitas, Piau\u00ed, na noite desta sexta-feira (27\/10). Uma colis\u00e3o envolvendo uma motocicleta e um carro resultou em s\u00e9rias les\u00f5es para o condutor da moto, que ficou gravemente ferido. De acordo com informa\u00e7\u00f5es fornecidas por testemunhas que estavam presentes no local do acidente, o [&hellip;]<\/p>\n","protected":false},"author":4,"featured_media":53916,"comment_status":"open","ping_status":"open","sticky":false,"template":"","format":"standard","meta":{"beyondwords_generate_audio":"1","beyondwords_project_id":"","beyondwords_podcast_id":"","beyondwords_hash":"","beyondwords_error_message":"","beyondwords_disabled":"","publish_post_to_speechkit":"","speechkit_generate_audio":"","speechkit_project_id":"","speechkit_podcast_id":"","speechkit_hash":"","speechkit_error_message":"","speechkit_disabled":"","speechkit_access_key":"","speechkit_error":"","speechkit_info":"","speechkit_response":"","speechkit_retries":"","_speechkit_link":"","_speechkit_text":""},"categories":[51],"tags":[62,256,252,178,11933,84,304,933,52],"jetpack_featured_media_url":"https:\/\/pinews.com.br\/wp-content\/uploads\/2023\/10\/page_-4426414908208051572.jpg","_links":{"self":[{"href":"https:\/\/pinews.com.br\/index.php\/wp-json\/wp\/v2\/posts\/53915"}],"collection":[{"href":"https:\/\/pinews.com.br\/index.php\/wp-json\/wp\/v2\/posts"}],"about":[{"href":"https:\/\/pinews.com.br\/index.php\/wp-json\/wp\/v2\/types\/post"}],"author":[{"embeddable":true,"href":"https:\/\/pinews.com.br\/index.php\/wp-json\/wp\/v2\/users\/4"}],"replies":[{"embeddable":true,"href":"https:\/\/pinews.com.br\/index.php\/wp-json\/wp\/v2\/comments?post=53915"}],"version-history":[{"count":1,"href":"https:\/\/pinews.com.br\/index.php\/wp-json\/wp\/v2\/posts\/53915\/revisions"}],"predecessor-version":[{"id":53917,"href":"https:\/\/pinews.com.br\/index.php\/wp-json\/wp\/v2\/posts\/53915\/revisions\/53917"}],"wp:featuredmedia":[{"embeddable":true,"href":"https:\/\/pinews.com.br\/index.php\/wp-json\/wp\/v2\/media\/53916"}],"wp:attachment":[{"href":"https:\/\/pinews.com.br\/index.php\/wp-json\/wp\/v2\/media?parent=53915"}],"wp:term":[{"taxonomy":"category","embeddable":true,"href":"https:\/\/pinews.com.br\/index.php\/wp-json\/wp\/v2\/categories?post=53915"},{"taxonomy":"post_tag","embeddable":true,"href":"https:\/\/pinews.com.br\/index.php\/wp-json\/wp\/v2\/tags?post=53915"}],"curies":[{"name":"wp","href":"https:\/\/api.w.org\/{rel}","templated":true}]}}