{"id":54052,"date":"2023-11-03T11:38:30","date_gmt":"2023-11-03T14:38:30","guid":{"rendered":"https:\/\/pinews.com.br\/?p=54052"},"modified":"2023-11-03T11:38:32","modified_gmt":"2023-11-03T14:38:32","slug":"misterio-em-cemiterio-do-piaui-gameleira-nasce-em-tumulo-de-poetisa-que-queria-ser-sepultada-sob-a-arvore","status":"publish","type":"post","link":"https:\/\/pinews.com.br\/index.php\/2023\/11\/03\/misterio-em-cemiterio-do-piaui-gameleira-nasce-em-tumulo-de-poetisa-que-queria-ser-sepultada-sob-a-arvore\/","title":{"rendered":"Mist\u00e9rio em cemit\u00e9rio do Piau\u00ed: gameleira nasce em t\u00famulo de poetisa que queria ser sepultada sob a \u00e1rvore"},"content":{"rendered":"\n<p>Nesta quinta-feira (2), dia em que \u00e9 celebrado o\u00a0Dia de Finados\u00a0e centenas de pessoas visitam os cemit\u00e9rios para prestar homenagem aos mortos, um mist\u00e9rio ronda o Cemit\u00e9rio da Igualdade, em\u00a0Parna\u00edba, litoral do Piau\u00ed, onde uma \u00e1rvore gameleira cresceu no t\u00famulo da primeira poetisa do estado, Lu\u00edza Am\u00e9lia de Queiroz, que em vida escreveu um poema com o desejo de ser enterrada \u00e0 sombra desta planta.<\/p>\n\n\n\n<blockquote class=\"wp-block-quote\">\n<p>&#8220;O fato \u00e9 que foi sepultada no cemit\u00e9rio e n\u00e3o havendo ali essa gameleira, a natureza, Deus ou for\u00e7as sobrenaturais, acredito, fez com que rebentasse de seu t\u00famulo uma gameleira que veio a se tornar uma bel\u00edssima e frondosa \u00e1rvore que d\u00e1 sombra e beleza a esse t\u00famulo&#8221;, explica Elmar Carvalho, escritor, poeta e membro da Academia Parnaibana de Letras (APAL).<\/p>\n<\/blockquote>\n\n\n\n<p>Segundo o poeta, que escreveu um op\u00fasculo, pequeno livro, sobre o t\u00famulo de Lu\u00edza Am\u00e9lia, a sepultura \u00e9 uma obra de arte com um valor arquitet\u00f4nico inestim\u00e1vel porque foi feito com pedra de m\u00e1rmore de ilh\u00f3s, importada de Portugal.<\/p>\n\n\n\n<p>No livro &#8220;Personalidades atuantes da hist\u00f3ria de Parna\u00edba &#8211; ontem e hoje&#8221;, da professora Aldenora Mendes Moreira, \u00e9 mencionada a poesia em que Lu\u00edza Am\u00e9lia demonstra seu desejo de ser enterrada \u00e0 sombra de uma gameleira. Segundo a autora, esse foi um dos \u00faltimos escritos da poetisa.<\/p>\n\n\n\n<blockquote class=\"wp-block-quote\">\n<p>&#8220;Nasceu a frondosa e bela gameleira, que ali permanece, projetando a sombra amiga, sobre o t\u00famulo da not\u00e1vel poetisa, atendendo em sil\u00eancio seu desejo, \u00e0 sua prece em versos&#8221;, escreveu a professora Aldenora em sua obra.<\/p>\n<\/blockquote>\n\n\n\n<p>Nas fotos do\u00a0g1\u00a0<em>(<\/em><strong><em>confira a galeria ao fim da reportagem<\/em><\/strong><em>),\u00a0<\/em>\u00e9 poss\u00edvel ver que a \u00e1rvore nasceu de dentro da sepultura. A l\u00e1pide superior foi quebrada pela for\u00e7a da natureza, mas o t\u00famulo permanece conservado com alguns escritos em sua homenagem e o nome da poetisa.<\/p>\n\n\n\n<h2>Hist\u00f3ria de Lu\u00edza Am\u00e9lia<\/h2>\n\n\n\n<figure class=\"wp-block-image\"><img decoding=\"async\" src=\"https:\/\/s2-g1.glbimg.com\/BZDeC4hyQ_jXiq0BkKpljysBQMs=\/0x303:1090x1402\/984x0\/smart\/filters:strip_icc()\/i.s3.glbimg.com\/v1\/AUTH_59edd422c0c84a879bd37670ae4f538a\/internal_photos\/bs\/2023\/8\/q\/AFIbCJQjqAAsW4k9QKVg\/whatsapp-image-2023-11-02-at-12.56.53.jpeg\" alt=\"Op\u00fasculo, pequeno livro, sobre a primeira poetisa do Piau\u00ed, Lu\u00edza Am\u00e9lia de Queiroz \u2014 Foto: Elmar Carvalho\"\/><figcaption class=\"wp-element-caption\">Op\u00fasculo, pequeno livro, sobre a primeira poetisa do Piau\u00ed, Lu\u00edza Am\u00e9lia de Queiroz \u2014 Foto: Elmar Carvalho<\/figcaption><\/figure>\n\n\n\n<p>Segundo o escritor Elmar Carvalho, Lu\u00edza Am\u00e9lia de Queiroz nasceu em 26 de dezembro de 1838, em\u00a0Piracuruca, mas passou a maior parte da vida em Parna\u00edba.<\/p>\n\n\n\n<p>Filha de Manuel Eduardo de Queiroz e Vitalina Luiza de Queiroz, a poetisa se casou pela primeira vez em 1859, mas ficou vi\u00fava e se casou pela segunda vez em 1888.<\/p>\n\n\n\n<p>Ela n\u00e3o teve filhos nos dois casamentos. Como os dois maridos eram comerciantes, vivia quase sempre sozinha escrevendo poesias.<\/p>\n\n\n\n<blockquote class=\"wp-block-quote\">\n<p>&#8220;Ela fez uma poesia que era t\u00edpica do romantismo. Abordava os sentimentos amorosos, as decep\u00e7\u00f5es, os encontros e desencontros da vida amorosa que podem acontecer com qualquer pessoa. Mas tratou tamb\u00e9m de outros assuntos, inclusive de assuntos buc\u00f3licos e tamb\u00e9m fez o seu pr\u00f3prio autorretrato em um poema em que ela se descreveu&#8221;, afirma o escritor.<\/p>\n<\/blockquote>\n\n\n\n<p>Elmar Carvalho destaca tamb\u00e9m que apesar da \u00e9poca, Lu\u00edza Am\u00e9lia realizou grandes feitos, conquistando um importante espa\u00e7o na atua\u00e7\u00e3o feminina na \u00e1rea da escrita e publica\u00e7\u00e3o em peri\u00f3dicos no s\u00e9culo XIX, na prov\u00edncia do Piau\u00ed.<\/p>\n\n\n\n<p>Atualmente, a poetisa \u00e9 patrona da cadeira 28 na Academia Piauiense de Letras (APL), al\u00e9m de ser patrona tamb\u00e9m da cadeira 24 da Academia Parnaibana de Letras (APAL).<\/p>\n\n\n\n<p><strong>Fonte: G1 PI<\/strong><\/p>\n","protected":false},"excerpt":{"rendered":"<p>Nesta quinta-feira (2), dia em que \u00e9 celebrado o\u00a0Dia de Finados\u00a0e centenas de pessoas visitam os cemit\u00e9rios para prestar homenagem aos mortos, um mist\u00e9rio ronda o Cemit\u00e9rio da Igualdade, em\u00a0Parna\u00edba, litoral do Piau\u00ed, onde uma \u00e1rvore gameleira cresceu no t\u00famulo da primeira poetisa do estado, Lu\u00edza Am\u00e9lia de Queiroz, que em vida escreveu um poema [&hellip;]<\/p>\n","protected":false},"author":4,"featured_media":54053,"comment_status":"open","ping_status":"open","sticky":false,"template":"","format":"standard","meta":{"beyondwords_generate_audio":"1","beyondwords_project_id":"","beyondwords_podcast_id":"","beyondwords_hash":"","beyondwords_error_message":"","beyondwords_disabled":"","publish_post_to_speechkit":"","speechkit_generate_audio":"","speechkit_project_id":"","speechkit_podcast_id":"","speechkit_hash":"","speechkit_error_message":"","speechkit_disabled":"","speechkit_access_key":"","speechkit_error":"","speechkit_info":"","speechkit_response":"","speechkit_retries":"","_speechkit_link":"","_speechkit_text":""},"categories":[51],"tags":[441,6402,44,46,11944,11943,9115,52,11945,6583,9839,139,7183,9360],"jetpack_featured_media_url":"https:\/\/pinews.com.br\/wp-content\/uploads\/2023\/11\/whatsapp-image-2023-11-02-at-10.49.58.jpeg","_links":{"self":[{"href":"https:\/\/pinews.com.br\/index.php\/wp-json\/wp\/v2\/posts\/54052"}],"collection":[{"href":"https:\/\/pinews.com.br\/index.php\/wp-json\/wp\/v2\/posts"}],"about":[{"href":"https:\/\/pinews.com.br\/index.php\/wp-json\/wp\/v2\/types\/post"}],"author":[{"embeddable":true,"href":"https:\/\/pinews.com.br\/index.php\/wp-json\/wp\/v2\/users\/4"}],"replies":[{"embeddable":true,"href":"https:\/\/pinews.com.br\/index.php\/wp-json\/wp\/v2\/comments?post=54052"}],"version-history":[{"count":1,"href":"https:\/\/pinews.com.br\/index.php\/wp-json\/wp\/v2\/posts\/54052\/revisions"}],"predecessor-version":[{"id":54054,"href":"https:\/\/pinews.com.br\/index.php\/wp-json\/wp\/v2\/posts\/54052\/revisions\/54054"}],"wp:featuredmedia":[{"embeddable":true,"href":"https:\/\/pinews.com.br\/index.php\/wp-json\/wp\/v2\/media\/54053"}],"wp:attachment":[{"href":"https:\/\/pinews.com.br\/index.php\/wp-json\/wp\/v2\/media?parent=54052"}],"wp:term":[{"taxonomy":"category","embeddable":true,"href":"https:\/\/pinews.com.br\/index.php\/wp-json\/wp\/v2\/categories?post=54052"},{"taxonomy":"post_tag","embeddable":true,"href":"https:\/\/pinews.com.br\/index.php\/wp-json\/wp\/v2\/tags?post=54052"}],"curies":[{"name":"wp","href":"https:\/\/api.w.org\/{rel}","templated":true}]}}