{"id":54076,"date":"2023-11-03T20:53:07","date_gmt":"2023-11-03T23:53:07","guid":{"rendered":"https:\/\/pinews.com.br\/?p=54076"},"modified":"2023-11-03T20:53:09","modified_gmt":"2023-11-03T23:53:09","slug":"homens-sao-presos-suspeitos-de-retirar-veiculos-sem-placa-do-patio-do-detran-no-piaui","status":"publish","type":"post","link":"https:\/\/pinews.com.br\/index.php\/2023\/11\/03\/homens-sao-presos-suspeitos-de-retirar-veiculos-sem-placa-do-patio-do-detran-no-piaui\/","title":{"rendered":"Homens s\u00e3o presos suspeitos de retirar ve\u00edculos sem placa do p\u00e1tio do Detran no Piau\u00ed"},"content":{"rendered":"\n<p>Dois homens foram presos, nesta sexta-feira (3), suspeitos de retirar ve\u00edculos apreendidos e sem placa do p\u00e1tio do Departamento Estadual de Tr\u00e2nsito (Detran), em Teresina. Segundo a Pol\u00edcia Civil, eles usavam identidades falsas para cometer o crime.<\/p>\n\n\n\n<p>A pris\u00e3o foi feita pela Diretoria da Pol\u00edcia Metropolitana (DPM), com o apoio das informa\u00e7\u00f5es da Diretoria de Opera\u00e7\u00f5es de Tr\u00e2nsito da Secretaria de Seguran\u00e7a P\u00fablica do Piau\u00ed.<\/p>\n\n\n\n<p>Segundo a DPM, um dos suspeitos teria conseguido retirar ve\u00edculos outras vezes, mas dessa vez conseguiu ser identificado e capturado.<\/p>\n\n\n\n<p><strong>Fonte: G1 PI<\/strong><\/p>\n","protected":false},"excerpt":{"rendered":"<p>Dois homens foram presos, nesta sexta-feira (3), suspeitos de retirar ve\u00edculos apreendidos e sem placa do p\u00e1tio do Departamento Estadual de Tr\u00e2nsito (Detran), em Teresina. Segundo a Pol\u00edcia Civil, eles usavam identidades falsas para cometer o crime. A pris\u00e3o foi feita pela Diretoria da Pol\u00edcia Metropolitana (DPM), com o apoio das informa\u00e7\u00f5es da Diretoria de [&hellip;]<\/p>\n","protected":false},"author":1,"featured_media":54077,"comment_status":"open","ping_status":"open","sticky":false,"template":"","format":"standard","meta":{"beyondwords_generate_audio":"1","beyondwords_project_id":"","beyondwords_podcast_id":"","beyondwords_hash":"","beyondwords_error_message":"","beyondwords_disabled":"","publish_post_to_speechkit":"","speechkit_generate_audio":"","speechkit_project_id":"","speechkit_podcast_id":"","speechkit_hash":"","speechkit_error_message":"","speechkit_disabled":"","speechkit_access_key":"","speechkit_error":"","speechkit_info":"","speechkit_response":"","speechkit_retries":"","_speechkit_link":"","_speechkit_text":""},"categories":[51,78],"tags":[44,1955,108,844,52,784,600,10908,362,975,497,550],"jetpack_featured_media_url":"https:\/\/pinews.com.br\/wp-content\/uploads\/2023\/11\/prisao-detran.jpg","_links":{"self":[{"href":"https:\/\/pinews.com.br\/index.php\/wp-json\/wp\/v2\/posts\/54076"}],"collection":[{"href":"https:\/\/pinews.com.br\/index.php\/wp-json\/wp\/v2\/posts"}],"about":[{"href":"https:\/\/pinews.com.br\/index.php\/wp-json\/wp\/v2\/types\/post"}],"author":[{"embeddable":true,"href":"https:\/\/pinews.com.br\/index.php\/wp-json\/wp\/v2\/users\/1"}],"replies":[{"embeddable":true,"href":"https:\/\/pinews.com.br\/index.php\/wp-json\/wp\/v2\/comments?post=54076"}],"version-history":[{"count":1,"href":"https:\/\/pinews.com.br\/index.php\/wp-json\/wp\/v2\/posts\/54076\/revisions"}],"predecessor-version":[{"id":54078,"href":"https:\/\/pinews.com.br\/index.php\/wp-json\/wp\/v2\/posts\/54076\/revisions\/54078"}],"wp:featuredmedia":[{"embeddable":true,"href":"https:\/\/pinews.com.br\/index.php\/wp-json\/wp\/v2\/media\/54077"}],"wp:attachment":[{"href":"https:\/\/pinews.com.br\/index.php\/wp-json\/wp\/v2\/media?parent=54076"}],"wp:term":[{"taxonomy":"category","embeddable":true,"href":"https:\/\/pinews.com.br\/index.php\/wp-json\/wp\/v2\/categories?post=54076"},{"taxonomy":"post_tag","embeddable":true,"href":"https:\/\/pinews.com.br\/index.php\/wp-json\/wp\/v2\/tags?post=54076"}],"curies":[{"name":"wp","href":"https:\/\/api.w.org\/{rel}","templated":true}]}}