{"id":54091,"date":"2023-11-04T18:20:35","date_gmt":"2023-11-04T21:20:35","guid":{"rendered":"https:\/\/pinews.com.br\/?p=54091"},"modified":"2023-11-04T18:20:36","modified_gmt":"2023-11-04T21:20:36","slug":"homem-e-preso-no-sul-do-piaui-apos-cortar-o-cabelo-da-ex-companheira-com-faca-e-ameaca-la-de-morte","status":"publish","type":"post","link":"https:\/\/pinews.com.br\/index.php\/2023\/11\/04\/homem-e-preso-no-sul-do-piaui-apos-cortar-o-cabelo-da-ex-companheira-com-faca-e-ameaca-la-de-morte\/","title":{"rendered":"Homem \u00e9 preso no sul do Piau\u00ed ap\u00f3s cortar o cabelo da ex-companheira com faca e amea\u00e7a-la de morte"},"content":{"rendered":"\n<p>Na noite da \u00faltima sexta-feira (03\/11), por volta das 19h30, uma v\u00edtima fez um apelo desesperado \u00e0s autoridades, ligando para o celular da viatura da Pol\u00edcia Militar (PM) na cidade de Paes Landim, localizada no sul do Piau\u00ed. Ela relatou que seu ex-companheiro, que possu\u00eda uma ordem de restri\u00e7\u00e3o, havia invadido sua resid\u00eancia com uma faca, amea\u00e7ando tirar-lhe a vida.<\/p>\n\n\n\n<p>No m\u00eas anterior, o acusado havia for\u00e7ado a v\u00edtima a cortar seu pr\u00f3prio cabelo com uma faca, deixando-a profundamente traumatizada. Desde ent\u00e3o, o agressor estava foragido na cidade.<\/p>\n\n\n\n<p>A resposta da Pol\u00edcia Militar de Paes Landim foi imediata. A equipe se deslocou rapidamente at\u00e9 o local da ocorr\u00eancia, mas ao chegar, o acusado j\u00e1 havia fugido da resid\u00eancia, escapando na garupa de uma motocicleta em dire\u00e7\u00e3o \u00e0 sa\u00edda da cidade.<\/p>\n\n\n\n<p>As autoridades iniciaram imediatamente uma busca pelo indiv\u00edduo, e minutos ap\u00f3s o incidente, a equipe da PM localizou o acusado em um posto de combust\u00edveis, onde ele estava consumindo bebidas alco\u00f3licas. Diante da situa\u00e7\u00e3o, o homem foi detido e recebeu voz de pris\u00e3o.<\/p>\n\n\n\n<p>Todas as partes envolvidas no incidente foram encaminhadas \u00e0 delegacia da cidade vizinha de Simpl\u00edcio Mendes, onde os procedimentos legais foram iniciados.<\/p>\n\n\n\n<p>O caso permanece em investiga\u00e7\u00e3o e poder\u00e1 resultar em novas medidas legais a serem aplicadas ao agressor, conforme determinado pelas autoridades competentes.<\/p>\n\n\n\n<p>O combate \u00e0 viol\u00eancia dom\u00e9stica \u00e9 um esfor\u00e7o cont\u00ednuo que requer a a\u00e7\u00e3o das for\u00e7as de seguran\u00e7a e a conscientiza\u00e7\u00e3o da sociedade sobre a import\u00e2ncia de denunciar tais ocorr\u00eancias e apoiar as v\u00edtimas.<\/p>\n\n\n\n<p><strong>Fonte:\u00a0Portal Gurgu\u00e9ia<\/strong><\/p>\n","protected":false},"excerpt":{"rendered":"<p>Na noite da \u00faltima sexta-feira (03\/11), por volta das 19h30, uma v\u00edtima fez um apelo desesperado \u00e0s autoridades, ligando para o celular da viatura da Pol\u00edcia Militar (PM) na cidade de Paes Landim, localizada no sul do Piau\u00ed. Ela relatou que seu ex-companheiro, que possu\u00eda uma ordem de restri\u00e7\u00e3o, havia invadido sua resid\u00eancia com uma [&hellip;]<\/p>\n","protected":false},"author":4,"featured_media":54092,"comment_status":"open","ping_status":"open","sticky":false,"template":"","format":"standard","meta":{"beyondwords_generate_audio":"1","beyondwords_project_id":"","beyondwords_podcast_id":"","beyondwords_hash":"","beyondwords_error_message":"","beyondwords_disabled":"","publish_post_to_speechkit":"","speechkit_generate_audio":"","speechkit_project_id":"","speechkit_podcast_id":"","speechkit_hash":"","speechkit_error_message":"","speechkit_disabled":"","speechkit_access_key":"","speechkit_error":"","speechkit_info":"","speechkit_response":"","speechkit_retries":"","_speechkit_link":"","_speechkit_text":""},"categories":[51,78],"tags":[11433,70,1051,5886,122,44,72,533,247,84,223,52,79,120],"jetpack_featured_media_url":"https:\/\/pinews.com.br\/wp-content\/uploads\/2023\/11\/page_2606571914906450773.jpg","_links":{"self":[{"href":"https:\/\/pinews.com.br\/index.php\/wp-json\/wp\/v2\/posts\/54091"}],"collection":[{"href":"https:\/\/pinews.com.br\/index.php\/wp-json\/wp\/v2\/posts"}],"about":[{"href":"https:\/\/pinews.com.br\/index.php\/wp-json\/wp\/v2\/types\/post"}],"author":[{"embeddable":true,"href":"https:\/\/pinews.com.br\/index.php\/wp-json\/wp\/v2\/users\/4"}],"replies":[{"embeddable":true,"href":"https:\/\/pinews.com.br\/index.php\/wp-json\/wp\/v2\/comments?post=54091"}],"version-history":[{"count":1,"href":"https:\/\/pinews.com.br\/index.php\/wp-json\/wp\/v2\/posts\/54091\/revisions"}],"predecessor-version":[{"id":54093,"href":"https:\/\/pinews.com.br\/index.php\/wp-json\/wp\/v2\/posts\/54091\/revisions\/54093"}],"wp:featuredmedia":[{"embeddable":true,"href":"https:\/\/pinews.com.br\/index.php\/wp-json\/wp\/v2\/media\/54092"}],"wp:attachment":[{"href":"https:\/\/pinews.com.br\/index.php\/wp-json\/wp\/v2\/media?parent=54091"}],"wp:term":[{"taxonomy":"category","embeddable":true,"href":"https:\/\/pinews.com.br\/index.php\/wp-json\/wp\/v2\/categories?post=54091"},{"taxonomy":"post_tag","embeddable":true,"href":"https:\/\/pinews.com.br\/index.php\/wp-json\/wp\/v2\/tags?post=54091"}],"curies":[{"name":"wp","href":"https:\/\/api.w.org\/{rel}","templated":true}]}}