{"id":54200,"date":"2023-11-12T13:04:03","date_gmt":"2023-11-12T16:04:03","guid":{"rendered":"https:\/\/pinews.com.br\/?p=54200"},"modified":"2023-11-12T13:04:05","modified_gmt":"2023-11-12T16:04:05","slug":"empresario-e-assassinado-a-tiros-por-bandidos-em-seresta-no-litoral-do-piaui","status":"publish","type":"post","link":"https:\/\/pinews.com.br\/index.php\/2023\/11\/12\/empresario-e-assassinado-a-tiros-por-bandidos-em-seresta-no-litoral-do-piaui\/","title":{"rendered":"Empres\u00e1rio \u00e9 assassinado a tiros por bandidos em seresta no litoral do Piau\u00ed"},"content":{"rendered":"\n<p>Um empres\u00e1rio identificado como Jo\u00e3o Machado, de 59 anos, foi assassinado a tiros por bandidos na noite deste s\u00e1bado (11), durante uma seresta na zona rural do munic\u00edpio de Lu\u00eds Correia, litoral do Piau\u00ed. Ele tinha uma loja de material de constru\u00e7\u00e3o.<\/p>\n\n\n\n<p>A informa\u00e7\u00e3o foi confirmada ao Meio Norte.com pelo 24\u00ba Batalh\u00e3o da Pol\u00edcia Militar do Piau\u00ed. Conforme a PM, o homem estava acompanhado de algumas pessoas e foi morto, no momento em que chegava na festa.<\/p>\n\n\n\n<p>s testemunhas informaram aos policiais que viram quando a v\u00edtima descia do carro. Na sequ\u00eancia, homens armados chegaram e efetuaram os tiros.<\/p>\n\n\n\n<p>O Servi\u00e7o de Atendimento M\u00f3vel de Urg\u00eancia (Samu) chegou a ser acionado, mas o homem n\u00e3o resistiu aos ferimentos e morreu momentos antes da chegada dos socorristas.<\/p>\n\n\n\n<p>O corpo do homem foi recolhido e encaminhado para o Instituto de Medicina Legal (IML), de Parna\u00edba. O caso ser\u00e1 investigado pela Pol\u00edcia Civil do Piau\u00ed.<\/p>\n\n\n\n<p><strong>Fonte: Meio Norte<\/strong><\/p>\n","protected":false},"excerpt":{"rendered":"<p>Um empres\u00e1rio identificado como Jo\u00e3o Machado, de 59 anos, foi assassinado a tiros por bandidos na noite deste s\u00e1bado (11), durante uma seresta na zona rural do munic\u00edpio de Lu\u00eds Correia, litoral do Piau\u00ed. Ele tinha uma loja de material de constru\u00e7\u00e3o. A informa\u00e7\u00e3o foi confirmada ao Meio Norte.com pelo 24\u00ba Batalh\u00e3o da Pol\u00edcia Militar [&hellip;]<\/p>\n","protected":false},"author":4,"featured_media":54201,"comment_status":"open","ping_status":"open","sticky":false,"template":"","format":"standard","meta":{"beyondwords_generate_audio":"1","beyondwords_project_id":"","beyondwords_podcast_id":"","beyondwords_hash":"","beyondwords_error_message":"","beyondwords_disabled":"","publish_post_to_speechkit":"","speechkit_generate_audio":"","speechkit_project_id":"","speechkit_podcast_id":"","speechkit_hash":"","speechkit_error_message":"","speechkit_disabled":"","speechkit_access_key":"","speechkit_error":"","speechkit_info":"","speechkit_response":"","speechkit_retries":"","_speechkit_link":"","_speechkit_text":""},"categories":[51,78],"tags":[364,855,72,46,152,202,52,59,1765,165],"jetpack_featured_media_url":"https:\/\/pinews.com.br\/wp-content\/uploads\/2023\/11\/empresario-e-assassinado-a-tiros-por-bandidos-em-seresta-no-litoral-do-pi-b6e3c9b4-82a7-4405-ae6d-7b9f23cd1cbb.jpg","_links":{"self":[{"href":"https:\/\/pinews.com.br\/index.php\/wp-json\/wp\/v2\/posts\/54200"}],"collection":[{"href":"https:\/\/pinews.com.br\/index.php\/wp-json\/wp\/v2\/posts"}],"about":[{"href":"https:\/\/pinews.com.br\/index.php\/wp-json\/wp\/v2\/types\/post"}],"author":[{"embeddable":true,"href":"https:\/\/pinews.com.br\/index.php\/wp-json\/wp\/v2\/users\/4"}],"replies":[{"embeddable":true,"href":"https:\/\/pinews.com.br\/index.php\/wp-json\/wp\/v2\/comments?post=54200"}],"version-history":[{"count":1,"href":"https:\/\/pinews.com.br\/index.php\/wp-json\/wp\/v2\/posts\/54200\/revisions"}],"predecessor-version":[{"id":54202,"href":"https:\/\/pinews.com.br\/index.php\/wp-json\/wp\/v2\/posts\/54200\/revisions\/54202"}],"wp:featuredmedia":[{"embeddable":true,"href":"https:\/\/pinews.com.br\/index.php\/wp-json\/wp\/v2\/media\/54201"}],"wp:attachment":[{"href":"https:\/\/pinews.com.br\/index.php\/wp-json\/wp\/v2\/media?parent=54200"}],"wp:term":[{"taxonomy":"category","embeddable":true,"href":"https:\/\/pinews.com.br\/index.php\/wp-json\/wp\/v2\/categories?post=54200"},{"taxonomy":"post_tag","embeddable":true,"href":"https:\/\/pinews.com.br\/index.php\/wp-json\/wp\/v2\/tags?post=54200"}],"curies":[{"name":"wp","href":"https:\/\/api.w.org\/{rel}","templated":true}]}}