{"id":54238,"date":"2023-11-14T20:49:52","date_gmt":"2023-11-14T23:49:52","guid":{"rendered":"https:\/\/pinews.com.br\/?p=54238"},"modified":"2023-11-14T20:49:54","modified_gmt":"2023-11-14T23:49:54","slug":"garota-de-14-anos-acusada-de-matar-prima-de-5-anos-e-indiciada-no-piaui","status":"publish","type":"post","link":"https:\/\/pinews.com.br\/index.php\/2023\/11\/14\/garota-de-14-anos-acusada-de-matar-prima-de-5-anos-e-indiciada-no-piaui\/","title":{"rendered":"Garota de 14 anos acusada de matar prima de 5 anos \u00e9 indiciada no Piau\u00ed"},"content":{"rendered":"\n<p>A Pol\u00edcia Civil do Piau\u00ed, atrav\u00e9s Delegacia de Uru\u00e7u\u00ed concluiu nesta ter\u00e7a-feira (14), o inqu\u00e9rito e indiciou uma adolescente de 14 anos por crime an\u00e1logo \u00e0 les\u00e3o corporal com resultado morte da prima, Maria Eduarda Vit\u00f3ria Oliveira de Sousa, de 5 anos.<\/p>\n\n\n\n<p>A tia da crian\u00e7a chegou a ser acusada e presa pelo crime, mas, no decorrer da investiga\u00e7\u00e3o foi comprovado\u00a0que ela n\u00e3o estava em casa no dia da morte da crian\u00e7a. Ela tamb\u00e9m foi indiciada pelos crimes de maus-tratos e fraude processual, j\u00e1\u00a0que assumiu a autoria do crime para proteger a filha.<\/p>\n\n\n\n<p>A Pol\u00edcia Civil chegou a elucida\u00e7\u00e3o do caso ap\u00f3s requerer a justi\u00e7a e ter acesso ao celular da mulher, onde foram recolhidos dados que comprovaram que ela n\u00e3o estava em casa no momento das agress\u00f5es e morte.<\/p>\n\n\n\n<p><strong>ENTENDA O CASO<\/strong><\/p>\n\n\n\n<p>A\u00a0menina Maria Eduarda Vit\u00f3ria de Sousa, de cinco anos de idade,\u00a0morreu\u00a0ap\u00f3s ser levada inconsciente \u00e0 Unidade B\u00e1sica de Sa\u00fade (UBS) em Uru\u00e7u\u00ed, Sul do Piau\u00ed, no s\u00e1bado (14) de outubro. Sua tia, Jessica Pais, foi detida em flagrante acusada de espancar a crian\u00e7a.<\/p>\n\n\n\n<p>De acordo com o delegado Marcos Halan, Maria Eduarda foi conduzida \u00e0 UBS por Jessica com diversos sinais de agress\u00e3o pelo corpo. No hospital, a equipe m\u00e9dica\u00a0constatou\u00a0que a\u00a0menina tinha sinais evidentes de espancamento\u00a0e chamou a pol\u00edcia. O laudo cadav\u00e9rico, divulgado nesta segunda-feira (16), apontou que a crian\u00e7a\u00a0morreu de traumatismo craniano.<\/p>\n\n\n\n<p>Conforme o delegado, Maria Eduarda e seu irm\u00e3o de tr\u00eas anos estavam sob a guarda da tia. Antes disso, as crian\u00e7as residiam em um orfanato em Goi\u00e1s. A m\u00e3e das crian\u00e7as, irm\u00e3 da suspeita,\u00a0est\u00e1 internada em uma cl\u00ednica psiqui\u00e1trica.<\/p>\n\n\n\n<p>A pol\u00edcia identificou que o\u00a0irm\u00e3o da v\u00edtima tamb\u00e9m apresentava les\u00f5es corporais.\u00a0O\u00a0delegado Marcos Halan\u00a0declarou que, quando a per\u00edcia chegou \u00e0 resid\u00eancia da suspeita, Jessica Pais havia pedido que sua filha limpasse a casa. Apesar da aparente organiza\u00e7\u00e3o, foram encontradas manchas de sangue no quarto da menina e em algumas roupas.<\/p>\n\n\n\n<p>\u00c0 pol\u00edcia, Jessica negou as acusa\u00e7\u00f5es e permanece detida, aguardando julgamento. A Pol\u00edcia Civil continua investigando o caso. O irm\u00e3o de Maria Eduarda foi encaminhado a um abrigo e os tr\u00eas filhos\u00a0da suspeita est\u00e3o sob os cuidados do pai.<\/p>\n\n\n\n<p><strong>Fonte: Meio Norte<\/strong><\/p>\n","protected":false},"excerpt":{"rendered":"<p>A Pol\u00edcia Civil do Piau\u00ed, atrav\u00e9s Delegacia de Uru\u00e7u\u00ed concluiu nesta ter\u00e7a-feira (14), o inqu\u00e9rito e indiciou uma adolescente de 14 anos por crime an\u00e1logo \u00e0 les\u00e3o corporal com resultado morte da prima, Maria Eduarda Vit\u00f3ria Oliveira de Sousa, de 5 anos. A tia da crian\u00e7a chegou a ser acusada e presa pelo crime, mas, [&hellip;]<\/p>\n","protected":false},"author":4,"featured_media":54239,"comment_status":"open","ping_status":"open","sticky":false,"template":"","format":"standard","meta":{"beyondwords_generate_audio":"1","beyondwords_project_id":"","beyondwords_podcast_id":"","beyondwords_hash":"","beyondwords_error_message":"","beyondwords_disabled":"","publish_post_to_speechkit":"","speechkit_generate_audio":"","speechkit_project_id":"","speechkit_podcast_id":"","speechkit_hash":"","speechkit_error_message":"","speechkit_disabled":"","speechkit_access_key":"","speechkit_error":"","speechkit_info":"","speechkit_response":"","speechkit_retries":"","_speechkit_link":"","_speechkit_text":""},"categories":[51,78],"tags":[827,7584,82,44,72,503,7575,85,52,1775],"jetpack_featured_media_url":"https:\/\/pinews.com.br\/wp-content\/uploads\/2023\/11\/garota-de-14-anos-acusada-de-matar-prima-de-5-anos-e-indiciada-no-piaui-63710f1f-2cd3-4c96-a140-0332dc403300.webp","_links":{"self":[{"href":"https:\/\/pinews.com.br\/index.php\/wp-json\/wp\/v2\/posts\/54238"}],"collection":[{"href":"https:\/\/pinews.com.br\/index.php\/wp-json\/wp\/v2\/posts"}],"about":[{"href":"https:\/\/pinews.com.br\/index.php\/wp-json\/wp\/v2\/types\/post"}],"author":[{"embeddable":true,"href":"https:\/\/pinews.com.br\/index.php\/wp-json\/wp\/v2\/users\/4"}],"replies":[{"embeddable":true,"href":"https:\/\/pinews.com.br\/index.php\/wp-json\/wp\/v2\/comments?post=54238"}],"version-history":[{"count":1,"href":"https:\/\/pinews.com.br\/index.php\/wp-json\/wp\/v2\/posts\/54238\/revisions"}],"predecessor-version":[{"id":54240,"href":"https:\/\/pinews.com.br\/index.php\/wp-json\/wp\/v2\/posts\/54238\/revisions\/54240"}],"wp:featuredmedia":[{"embeddable":true,"href":"https:\/\/pinews.com.br\/index.php\/wp-json\/wp\/v2\/media\/54239"}],"wp:attachment":[{"href":"https:\/\/pinews.com.br\/index.php\/wp-json\/wp\/v2\/media?parent=54238"}],"wp:term":[{"taxonomy":"category","embeddable":true,"href":"https:\/\/pinews.com.br\/index.php\/wp-json\/wp\/v2\/categories?post=54238"},{"taxonomy":"post_tag","embeddable":true,"href":"https:\/\/pinews.com.br\/index.php\/wp-json\/wp\/v2\/tags?post=54238"}],"curies":[{"name":"wp","href":"https:\/\/api.w.org\/{rel}","templated":true}]}}