{"id":54372,"date":"2023-11-21T18:08:01","date_gmt":"2023-11-21T21:08:01","guid":{"rendered":"https:\/\/pinews.com.br\/?p=54372"},"modified":"2023-11-21T18:08:05","modified_gmt":"2023-11-21T21:08:05","slug":"homem-suspeito-de-matar-cunhado-a-facadas-em-sp-e-preso-23-anos-apos-o-crime-no-piaui","status":"publish","type":"post","link":"https:\/\/pinews.com.br\/index.php\/2023\/11\/21\/homem-suspeito-de-matar-cunhado-a-facadas-em-sp-e-preso-23-anos-apos-o-crime-no-piaui\/","title":{"rendered":"Homem suspeito de matar cunhado a facadas em SP \u00e9 preso 23 anos ap\u00f3s o crime no Piau\u00ed"},"content":{"rendered":"\n<p>Juderlan Ara\u00fajo, 50 anos, foi preso na manh\u00e3 desta ter\u00e7a-feira (21) na cidade de\u00a0Monsenhor Gil, Norte do Piau\u00ed. Segundo a Pol\u00edcia Civil,\u00a0o homem foi preso suspeito de matar o pr\u00f3prio cunhado a facadas. O crime aconteceu em 2000, na cidade de Santo Andr\u00e9, S\u00e3o Paulo.<\/p>\n\n\n\n<blockquote class=\"wp-block-quote\">\n<p>&#8220;N\u00f3s recebemos um mandado da pol\u00edcia de Santo Andr\u00e9, S\u00e3o Paulo, algum tempo. Segundo as investiga\u00e7\u00f5es, ele estava pela regi\u00e3o de&nbsp;<a class=\"\" href=\"https:\/\/g1.globo.com\/pi\/piaui\/cidade\/monsenhor-gil\/\">Monsenhor Gil<\/a>. Juderlan \u00e9 natural de Teresina, mas j\u00e1 vivia h\u00e1 mais de 10 anos em S\u00e3o Paulo. Segundo o suspeito, ele se envolveu em uma briga com seu cunhado que seria envolvido com tr\u00e1fico de drogas e em uma discuss\u00e3o teria o esfaqueado&#8221;, informou o agente Tavito Lima, da Delegacia de&nbsp;<a class=\"\" href=\"https:\/\/g1.globo.com\/pi\/piaui\/cidade\/monsenhor-gil\/\">Monsenhor Gil<\/a>.<\/p>\n<\/blockquote>\n\n\n\n<p>Ap\u00f3s o crime, o suspeito se mudou para\u00a0Monsenhor Gil, onde residia com sua m\u00e3e.<\/p>\n\n\n\n<p>Contra Juderlan h\u00e1 um mandado de pris\u00e3o preventiva emitido pelo Tribunal de Justi\u00e7a de S\u00e3o Paulo. Ele foi preso pela Delegacia de Pol\u00edcia Civil de\u00a0Monsenhor Gil\u00a0e agora est\u00e1 \u00e0 disposi\u00e7\u00e3o da Justi\u00e7a.<\/p>\n\n\n\n<p><strong>Fonte: G1 PI <\/strong><\/p>\n","protected":false},"excerpt":{"rendered":"<p>Juderlan Ara\u00fajo, 50 anos, foi preso na manh\u00e3 desta ter\u00e7a-feira (21) na cidade de\u00a0Monsenhor Gil, Norte do Piau\u00ed. Segundo a Pol\u00edcia Civil,\u00a0o homem foi preso suspeito de matar o pr\u00f3prio cunhado a facadas. O crime aconteceu em 2000, na cidade de Santo Andr\u00e9, S\u00e3o Paulo. &#8220;N\u00f3s recebemos um mandado da pol\u00edcia de Santo Andr\u00e9, S\u00e3o [&hellip;]<\/p>\n","protected":false},"author":1,"featured_media":54373,"comment_status":"open","ping_status":"open","sticky":false,"template":"","format":"standard","meta":{"beyondwords_generate_audio":"1","beyondwords_project_id":"","beyondwords_podcast_id":"","beyondwords_hash":"","beyondwords_error_message":"","beyondwords_disabled":"","publish_post_to_speechkit":"","speechkit_generate_audio":"","speechkit_project_id":"","speechkit_podcast_id":"","speechkit_hash":"","speechkit_error_message":"","speechkit_disabled":"","speechkit_access_key":"","speechkit_error":"","speechkit_info":"","speechkit_response":"","speechkit_retries":"","_speechkit_link":"","_speechkit_text":""},"categories":[51,78],"tags":[262,82,70,558,90,44,72,46,479,84,85,52,79,485,130],"jetpack_featured_media_url":"https:\/\/pinews.com.br\/wp-content\/uploads\/2023\/11\/asdasd.jpg","_links":{"self":[{"href":"https:\/\/pinews.com.br\/index.php\/wp-json\/wp\/v2\/posts\/54372"}],"collection":[{"href":"https:\/\/pinews.com.br\/index.php\/wp-json\/wp\/v2\/posts"}],"about":[{"href":"https:\/\/pinews.com.br\/index.php\/wp-json\/wp\/v2\/types\/post"}],"author":[{"embeddable":true,"href":"https:\/\/pinews.com.br\/index.php\/wp-json\/wp\/v2\/users\/1"}],"replies":[{"embeddable":true,"href":"https:\/\/pinews.com.br\/index.php\/wp-json\/wp\/v2\/comments?post=54372"}],"version-history":[{"count":1,"href":"https:\/\/pinews.com.br\/index.php\/wp-json\/wp\/v2\/posts\/54372\/revisions"}],"predecessor-version":[{"id":54374,"href":"https:\/\/pinews.com.br\/index.php\/wp-json\/wp\/v2\/posts\/54372\/revisions\/54374"}],"wp:featuredmedia":[{"embeddable":true,"href":"https:\/\/pinews.com.br\/index.php\/wp-json\/wp\/v2\/media\/54373"}],"wp:attachment":[{"href":"https:\/\/pinews.com.br\/index.php\/wp-json\/wp\/v2\/media?parent=54372"}],"wp:term":[{"taxonomy":"category","embeddable":true,"href":"https:\/\/pinews.com.br\/index.php\/wp-json\/wp\/v2\/categories?post=54372"},{"taxonomy":"post_tag","embeddable":true,"href":"https:\/\/pinews.com.br\/index.php\/wp-json\/wp\/v2\/tags?post=54372"}],"curies":[{"name":"wp","href":"https:\/\/api.w.org\/{rel}","templated":true}]}}