{"id":544,"date":"2019-07-17T16:47:58","date_gmt":"2019-07-17T19:47:58","guid":{"rendered":"https:\/\/pinews.com.br\/?p=544"},"modified":"2019-07-17T16:47:58","modified_gmt":"2019-07-17T19:47:58","slug":"suspeito-de-estuprar-a-filha-de-seis-anos-e-preso-no-piaui","status":"publish","type":"post","link":"https:\/\/pinews.com.br\/index.php\/2019\/07\/17\/suspeito-de-estuprar-a-filha-de-seis-anos-e-preso-no-piaui\/","title":{"rendered":"Suspeito de estuprar a filha de seis anos \u00e9 preso no Piau\u00ed"},"content":{"rendered":"\n<p>Por <strong>Reda\u00e7\u00e3o PI News<\/strong> &#8211; 17 de Julho de 2019<\/p>\n\n\n\n<p style=\"text-align:justify\">Na manh\u00e3 desta quarta-feira (17), a Pol\u00edcia Civil do Piau\u00ed deu cumprimento a mandado de pris\u00e3o expedido pela Central de Inqu\u00e9ritos contra um homem de iniciais J.F.B.A, 38 anos, pelo crime de estupro de vulner\u00e1vel.&nbsp;<\/p>\n\n\n\n<p style=\"text-align:justify\">De acordo com a pol\u00edcia, a&nbsp;v\u00edtima \u00e9 a pr\u00f3pria filha do acusado. Na \u00e9poca do estupro, ela tinha apenas seis anos de idade. A pris\u00e3o foi realizada no bairro Pi\u00e7arreira, zona lesta da capital.<\/p>\n\n\n\n<p style=\"text-align:justify\">Em 2018, o Conselho Tutelar fez a den\u00fancia, em virtude de comportamentos estranhos da crian\u00e7a na escola municipal onde ela estuda. A pol\u00edcia ent\u00e3o, iniciou uma investiga\u00e7\u00e3o.&nbsp;<ins><ins><\/ins><\/ins><\/p>\n\n\n\n<p style=\"text-align:justify\">Ainda de acordo com a pol\u00edcia, nos autos do inqu\u00e9rito constam os depoimentos da crian\u00e7a e de terceiros, juntamente com relat\u00f3rio de acompanhamento de equipe multidisciplinar e laudo pericial, que atestam o crime.<\/p>\n\n\n\n<p style=\"text-align:justify\">A menor foi retirada do \u00e2mbito familiar e se encontra em um abrigo.<\/p>\n\n\n\n<p><strong>Fonte: Viagora<\/strong><\/p>\n\n\n\n<figure class=\"wp-block-image\"><img decoding=\"async\" src=\"https:\/\/pinews.com.br\/wp-content\/uploads\/2019\/07\/banner-ramon-cds.jpg\" alt=\"\" class=\"wp-image-218\"\/><\/figure>\n","protected":false},"excerpt":{"rendered":"<p>Por Reda\u00e7\u00e3o PI News &#8211; 17 de Julho de 2019 Na manh\u00e3 desta quarta-feira (17), a Pol\u00edcia Civil do Piau\u00ed deu cumprimento a mandado de pris\u00e3o expedido pela Central de Inqu\u00e9ritos contra um homem de iniciais J.F.B.A, 38 anos, pelo crime de estupro de vulner\u00e1vel.&nbsp; De acordo com a pol\u00edcia, a&nbsp;v\u00edtima \u00e9 a pr\u00f3pria filha [&hellip;]<\/p>\n","protected":false},"author":1,"featured_media":545,"comment_status":"open","ping_status":"open","sticky":false,"template":"","format":"standard","meta":{"beyondwords_generate_audio":"","beyondwords_project_id":"","beyondwords_podcast_id":"","beyondwords_hash":"","beyondwords_error_message":"","beyondwords_disabled":"","publish_post_to_speechkit":"","speechkit_generate_audio":"","speechkit_project_id":"","speechkit_podcast_id":"","speechkit_hash":"","speechkit_error_message":"","speechkit_disabled":"","speechkit_access_key":"","speechkit_error":"","speechkit_info":"","speechkit_response":"","speechkit_retries":"","_speechkit_link":"","_speechkit_text":""},"categories":[1184,51,78,81],"tags":[1292,358,290,52,1293],"jetpack_featured_media_url":"","_links":{"self":[{"href":"https:\/\/pinews.com.br\/index.php\/wp-json\/wp\/v2\/posts\/544"}],"collection":[{"href":"https:\/\/pinews.com.br\/index.php\/wp-json\/wp\/v2\/posts"}],"about":[{"href":"https:\/\/pinews.com.br\/index.php\/wp-json\/wp\/v2\/types\/post"}],"author":[{"embeddable":true,"href":"https:\/\/pinews.com.br\/index.php\/wp-json\/wp\/v2\/users\/1"}],"replies":[{"embeddable":true,"href":"https:\/\/pinews.com.br\/index.php\/wp-json\/wp\/v2\/comments?post=544"}],"version-history":[{"count":0,"href":"https:\/\/pinews.com.br\/index.php\/wp-json\/wp\/v2\/posts\/544\/revisions"}],"wp:featuredmedia":[{"embeddable":true,"href":"https:\/\/pinews.com.br\/index.php\/wp-json\/"}],"wp:attachment":[{"href":"https:\/\/pinews.com.br\/index.php\/wp-json\/wp\/v2\/media?parent=544"}],"wp:term":[{"taxonomy":"category","embeddable":true,"href":"https:\/\/pinews.com.br\/index.php\/wp-json\/wp\/v2\/categories?post=544"},{"taxonomy":"post_tag","embeddable":true,"href":"https:\/\/pinews.com.br\/index.php\/wp-json\/wp\/v2\/tags?post=544"}],"curies":[{"name":"wp","href":"https:\/\/api.w.org\/{rel}","templated":true}]}}