{"id":54458,"date":"2023-11-27T18:21:17","date_gmt":"2023-11-27T21:21:17","guid":{"rendered":"https:\/\/pinews.com.br\/?p=54458"},"modified":"2023-11-27T18:21:20","modified_gmt":"2023-11-27T21:21:20","slug":"homem-e-preso-suspeito-de-incendiar-residencia-apos-briga-em-festa-em-patos-do-piaui","status":"publish","type":"post","link":"https:\/\/pinews.com.br\/index.php\/2023\/11\/27\/homem-e-preso-suspeito-de-incendiar-residencia-apos-briga-em-festa-em-patos-do-piaui\/","title":{"rendered":"Homem \u00e9 preso suspeito de incendiar resid\u00eancia ap\u00f3s briga em festa em Patos do Piau\u00ed"},"content":{"rendered":"\n<p>Um homem foi preso suspeito de atear fogo na resid\u00eancia de m\u00e3e e filha ap\u00f3s uma discuss\u00e3o em uma festa no domingo (26) no munic\u00edpio de Patos do Piau\u00ed, a 412 km de Teresina.<\/p>\n\n\n\n<p>A Pol\u00edcia Militar informou que por volta das 3h de domingo, durante uma festa p\u00fablica que ocorria no munic\u00edpio de Patos, m\u00e3e e filha foram at\u00e9 uma equipe da PM informando que um homem estava procurando confus\u00e3o com elas. Os policiais foram at\u00e9 o suspeito e pediram que ele fosse embora e parasse de provocar as mulheres.<\/p>\n\n\n\n<p>Segundo a PM, ap\u00f3s essa conversa, o suspeito decidiu ent\u00e3o sair da festa. Logo depois, os policiais receberam a informa\u00e7\u00e3o de um vigia noturno que uma resid\u00eancia estava pegando fogo. Essa casa era onde moravam as mulheres que discutiram com o suspeito.<\/p>\n\n\n\n<p>A resid\u00eancia ficou parcialmente destru\u00edda e a pol\u00edcia suspeitou que o homem que discutiu com as v\u00edtimas seria o respons\u00e1vel, por isso os policiais seguiram at\u00e9 a resid\u00eancia do suspeito. No local encontraram a m\u00e3e dele.&nbsp;<\/p>\n\n\n\n<p>\u201cEla disse que ele n\u00e3o estava, mas que autorizava a entrada dos policiais, dessa forma a guarni\u00e7\u00e3o entrou na resid\u00eancia e no quintal da casa foi encontrado o suspeito escondido em um galinheiro, juntamente com ele estava no seu bolso um isqueiro de cor amarela, que foi reconhecido pela v\u00edtima como sendo dela\u201d, informou a PM.<\/p>\n\n\n\n<p>O suspeito foi preso e autuado em flagrante pelos crimes de les\u00e3o corporal e inc\u00eandio.\u00a0<\/p>\n\n\n\n<p><strong>Fonte: B\u00e1rbara Rodrigues\/ Cidade Verde <\/strong><\/p>\n","protected":false},"excerpt":{"rendered":"<p>Um homem foi preso suspeito de atear fogo na resid\u00eancia de m\u00e3e e filha ap\u00f3s uma discuss\u00e3o em uma festa no domingo (26) no munic\u00edpio de Patos do Piau\u00ed, a 412 km de Teresina. A Pol\u00edcia Militar informou que por volta das 3h de domingo, durante uma festa p\u00fablica que ocorria no munic\u00edpio de Patos, [&hellip;]<\/p>\n","protected":false},"author":1,"featured_media":54459,"comment_status":"open","ping_status":"open","sticky":false,"template":"","format":"standard","meta":{"beyondwords_generate_audio":"1","beyondwords_project_id":"","beyondwords_podcast_id":"","beyondwords_hash":"","beyondwords_error_message":"","beyondwords_disabled":"","publish_post_to_speechkit":"","speechkit_generate_audio":"","speechkit_project_id":"","speechkit_podcast_id":"","speechkit_hash":"","speechkit_error_message":"","speechkit_disabled":"","speechkit_access_key":"","speechkit_error":"","speechkit_info":"","speechkit_response":"","speechkit_retries":"","_speechkit_link":"","_speechkit_text":""},"categories":[6651,51,78],"tags":[70,251,44,72,46,311,84,8392,1270,52,79,324,130],"jetpack_featured_media_url":"https:\/\/pinews.com.br\/wp-content\/uploads\/2023\/11\/WhatsApp_Image_2023-11-27_at_08_44_00.jpeg","_links":{"self":[{"href":"https:\/\/pinews.com.br\/index.php\/wp-json\/wp\/v2\/posts\/54458"}],"collection":[{"href":"https:\/\/pinews.com.br\/index.php\/wp-json\/wp\/v2\/posts"}],"about":[{"href":"https:\/\/pinews.com.br\/index.php\/wp-json\/wp\/v2\/types\/post"}],"author":[{"embeddable":true,"href":"https:\/\/pinews.com.br\/index.php\/wp-json\/wp\/v2\/users\/1"}],"replies":[{"embeddable":true,"href":"https:\/\/pinews.com.br\/index.php\/wp-json\/wp\/v2\/comments?post=54458"}],"version-history":[{"count":1,"href":"https:\/\/pinews.com.br\/index.php\/wp-json\/wp\/v2\/posts\/54458\/revisions"}],"predecessor-version":[{"id":54460,"href":"https:\/\/pinews.com.br\/index.php\/wp-json\/wp\/v2\/posts\/54458\/revisions\/54460"}],"wp:featuredmedia":[{"embeddable":true,"href":"https:\/\/pinews.com.br\/index.php\/wp-json\/wp\/v2\/media\/54459"}],"wp:attachment":[{"href":"https:\/\/pinews.com.br\/index.php\/wp-json\/wp\/v2\/media?parent=54458"}],"wp:term":[{"taxonomy":"category","embeddable":true,"href":"https:\/\/pinews.com.br\/index.php\/wp-json\/wp\/v2\/categories?post=54458"},{"taxonomy":"post_tag","embeddable":true,"href":"https:\/\/pinews.com.br\/index.php\/wp-json\/wp\/v2\/tags?post=54458"}],"curies":[{"name":"wp","href":"https:\/\/api.w.org\/{rel}","templated":true}]}}