{"id":54476,"date":"2023-11-29T11:31:10","date_gmt":"2023-11-29T14:31:10","guid":{"rendered":"https:\/\/pinews.com.br\/?p=54476"},"modified":"2023-11-29T11:31:13","modified_gmt":"2023-11-29T14:31:13","slug":"policial-militar-piauiense-morre-em-confronto-com-faccao-criminosa-no-maranhao","status":"publish","type":"post","link":"https:\/\/pinews.com.br\/index.php\/2023\/11\/29\/policial-militar-piauiense-morre-em-confronto-com-faccao-criminosa-no-maranhao\/","title":{"rendered":"Policial militar piauiense morre em confronto com fac\u00e7\u00e3o criminosa no Maranh\u00e3o"},"content":{"rendered":"\n<p>Na noite desta ter\u00e7a-feira (28\/11), o policial militar piauiense Marcos Vin\u00edcius Macedo perdeu a vida durante um confronto armado com membros de uma fac\u00e7\u00e3o criminosa em S\u00e3o Lu\u00eds, no estado do Maranh\u00e3o. O soldado, lotado no 21\u00ba Batalh\u00e3o da Pol\u00edcia Militar e natural de Teresina, foi atingido nas costas durante a ocorr\u00eancia registrada no bairro Estiva.<\/p>\n\n\n\n<p>Apesar de ter sido prontamente socorrido e encaminhado ao hospital, Marcos Vin\u00edcius n\u00e3o resistiu aos ferimentos e veio a \u00f3bito devido \u00e0 gravidade das les\u00f5es. A Pol\u00edcia Militar do Maranh\u00e3o divulgou uma nota de pesar lamentando a perda do policial, expressando solidariedade \u00e0 fam\u00edlia e aos amigos nesse momento dif\u00edcil.<\/p>\n\n\n\n<p>A nota, assinada pelo Coronel QOPM Paulo Fernando Moura Queiroz, Comandante-Geral da PMMA, destaca a tristeza da corpora\u00e7\u00e3o pela perda do SD Marcos Vin\u00edcius Macedo e expressa condol\u00eancias \u00e0 fam\u00edlia e amigos do policial.<\/p>\n\n\n\n<p><strong>Fonte: 180 graus<\/strong><\/p>\n","protected":false},"excerpt":{"rendered":"<p>Na noite desta ter\u00e7a-feira (28\/11), o policial militar piauiense Marcos Vin\u00edcius Macedo perdeu a vida durante um confronto armado com membros de uma fac\u00e7\u00e3o criminosa em S\u00e3o Lu\u00eds, no estado do Maranh\u00e3o. O soldado, lotado no 21\u00ba Batalh\u00e3o da Pol\u00edcia Militar e natural de Teresina, foi atingido nas costas durante a ocorr\u00eancia registrada no bairro [&hellip;]<\/p>\n","protected":false},"author":4,"featured_media":54477,"comment_status":"open","ping_status":"open","sticky":false,"template":"","format":"standard","meta":{"beyondwords_generate_audio":"1","beyondwords_project_id":"","beyondwords_podcast_id":"","beyondwords_hash":"","beyondwords_error_message":"","beyondwords_disabled":"","publish_post_to_speechkit":"","speechkit_generate_audio":"","speechkit_project_id":"","speechkit_podcast_id":"","speechkit_hash":"","speechkit_error_message":"","speechkit_disabled":"","speechkit_access_key":"","speechkit_error":"","speechkit_info":"","speechkit_response":"","speechkit_retries":"","_speechkit_link":"","_speechkit_text":""},"categories":[51,78],"tags":[944,616,46,617,1139,1349,119,511,613],"jetpack_featured_media_url":"https:\/\/pinews.com.br\/wp-content\/uploads\/2023\/11\/1_-7814622020719108284.jpg","_links":{"self":[{"href":"https:\/\/pinews.com.br\/index.php\/wp-json\/wp\/v2\/posts\/54476"}],"collection":[{"href":"https:\/\/pinews.com.br\/index.php\/wp-json\/wp\/v2\/posts"}],"about":[{"href":"https:\/\/pinews.com.br\/index.php\/wp-json\/wp\/v2\/types\/post"}],"author":[{"embeddable":true,"href":"https:\/\/pinews.com.br\/index.php\/wp-json\/wp\/v2\/users\/4"}],"replies":[{"embeddable":true,"href":"https:\/\/pinews.com.br\/index.php\/wp-json\/wp\/v2\/comments?post=54476"}],"version-history":[{"count":1,"href":"https:\/\/pinews.com.br\/index.php\/wp-json\/wp\/v2\/posts\/54476\/revisions"}],"predecessor-version":[{"id":54478,"href":"https:\/\/pinews.com.br\/index.php\/wp-json\/wp\/v2\/posts\/54476\/revisions\/54478"}],"wp:featuredmedia":[{"embeddable":true,"href":"https:\/\/pinews.com.br\/index.php\/wp-json\/wp\/v2\/media\/54477"}],"wp:attachment":[{"href":"https:\/\/pinews.com.br\/index.php\/wp-json\/wp\/v2\/media?parent=54476"}],"wp:term":[{"taxonomy":"category","embeddable":true,"href":"https:\/\/pinews.com.br\/index.php\/wp-json\/wp\/v2\/categories?post=54476"},{"taxonomy":"post_tag","embeddable":true,"href":"https:\/\/pinews.com.br\/index.php\/wp-json\/wp\/v2\/tags?post=54476"}],"curies":[{"name":"wp","href":"https:\/\/api.w.org\/{rel}","templated":true}]}}