{"id":54506,"date":"2023-11-30T18:23:44","date_gmt":"2023-11-30T21:23:44","guid":{"rendered":"https:\/\/pinews.com.br\/?p=54506"},"modified":"2023-11-30T18:23:47","modified_gmt":"2023-11-30T21:23:47","slug":"homem-e-morto-com-facada-no-peito-na-calcada-de-casa-apos-briga-com-vizinho-no-sul-do-piaui","status":"publish","type":"post","link":"https:\/\/pinews.com.br\/index.php\/2023\/11\/30\/homem-e-morto-com-facada-no-peito-na-calcada-de-casa-apos-briga-com-vizinho-no-sul-do-piaui\/","title":{"rendered":"Homem \u00e9 morto com facada no peito na cal\u00e7ada de casa ap\u00f3s briga com vizinho no Sul do Piau\u00ed"},"content":{"rendered":"\n<p>Jerdiel Mendes da Costa, de 35 anos, morreu na quarta-feira (29) com uma facada no peito na cal\u00e7ada de casa na Vila Baio, em\u00a0Curimat\u00e1, a 743 km de\u00a0Teresina. Um homem de 44 anos foi preso em flagrante suspeito do crime, quando saia do local com uma mochila nas costas.<\/p>\n\n\n\n<blockquote class=\"wp-block-quote\">\n<p>&#8220;Eles s\u00e3o vizinhos, mas nunca tiveram nenhum problema. Por\u00e9m na manh\u00e3 de quarta-feira eles foram conduzidos at\u00e9 a delegacia em fun\u00e7\u00e3o de uma discuss\u00e3o entre eles e acabou gerando uma les\u00e3o leve na v\u00edtima. No per\u00edodo da noite aconteceu essa trag\u00e9dia, a gente fez uma busca na casa da v\u00edtima e n\u00e3o encontramos armas&#8221;, afirmou o delegado Cesar Ribeiro.<\/p>\n<\/blockquote>\n\n\n\n<figure class=\"wp-block-image\"><img decoding=\"async\" src=\"https:\/\/s2-g1.glbimg.com\/wn-1j7tcD2_8iENqjrn8hKWheQs=\/0x0:3072x4080\/984x0\/smart\/filters:strip_icc()\/i.s3.glbimg.com\/v1\/AUTH_59edd422c0c84a879bd37670ae4f538a\/internal_photos\/bs\/2023\/B\/u\/FDF3wnRf2R4Wfylh4NzQ\/whatsapp-image-2023-11-30-at-17.02.20-1-.jpeg\" alt=\"Homem \u00e9 morto com facada no peito na cal\u00e7ada de casa ap\u00f3s briga com vizinho no Sul do Piau\u00ed \u2014 Foto: Reprodu\u00e7\u00e3o\"\/><figcaption class=\"wp-element-caption\">Homem \u00e9 morto com facada no peito na cal\u00e7ada de casa ap\u00f3s briga com vizinho no Sul do Piau\u00ed \u2014 Foto: Reprodu\u00e7\u00e3o<\/figcaption><\/figure>\n\n\n\n<p>Segundo a pol\u00edcia, Jerdiel foi morto com apenas um golpe de faca no peito. O objeto teria ainda quebrado no momento crime.<\/p>\n\n\n\n<p>O delegado informou ao\u00a0g1\u00a0que a v\u00edtima buscou socorro na casa de uma vizinha, mas n\u00e3o resistiu ao ferimento e morreu sentado em uma cadeira na sala da mulher.<\/p>\n\n\n\n<p>O suspeito preso foi conduzido at\u00e9 a Delegacia de Curimat\u00e1 e ficar\u00e1 \u00e0 disposi\u00e7\u00e3o da Justi\u00e7a.<\/p>\n\n\n\n<p><strong>Fonte: G1 PI <\/strong><\/p>\n","protected":false},"excerpt":{"rendered":"<p>Jerdiel Mendes da Costa, de 35 anos, morreu na quarta-feira (29) com uma facada no peito na cal\u00e7ada de casa na Vila Baio, em\u00a0Curimat\u00e1, a 743 km de\u00a0Teresina. Um homem de 44 anos foi preso em flagrante suspeito do crime, quando saia do local com uma mochila nas costas. &#8220;Eles s\u00e3o vizinhos, mas nunca tiveram [&hellip;]<\/p>\n","protected":false},"author":4,"featured_media":54507,"comment_status":"open","ping_status":"open","sticky":false,"template":"","format":"standard","meta":{"beyondwords_generate_audio":"1","beyondwords_project_id":"","beyondwords_podcast_id":"","beyondwords_hash":"","beyondwords_error_message":"","beyondwords_disabled":"","publish_post_to_speechkit":"","speechkit_generate_audio":"","speechkit_project_id":"","speechkit_podcast_id":"","speechkit_hash":"","speechkit_error_message":"","speechkit_disabled":"","speechkit_access_key":"","speechkit_error":"","speechkit_info":"","speechkit_response":"","speechkit_retries":"","_speechkit_link":"","_speechkit_text":""},"categories":[51,78],"tags":[70,251,469,149,44,72,1264,84,197,91,525,52,120,1257],"jetpack_featured_media_url":"https:\/\/pinews.com.br\/wp-content\/uploads\/2023\/11\/faca.jpg","_links":{"self":[{"href":"https:\/\/pinews.com.br\/index.php\/wp-json\/wp\/v2\/posts\/54506"}],"collection":[{"href":"https:\/\/pinews.com.br\/index.php\/wp-json\/wp\/v2\/posts"}],"about":[{"href":"https:\/\/pinews.com.br\/index.php\/wp-json\/wp\/v2\/types\/post"}],"author":[{"embeddable":true,"href":"https:\/\/pinews.com.br\/index.php\/wp-json\/wp\/v2\/users\/4"}],"replies":[{"embeddable":true,"href":"https:\/\/pinews.com.br\/index.php\/wp-json\/wp\/v2\/comments?post=54506"}],"version-history":[{"count":1,"href":"https:\/\/pinews.com.br\/index.php\/wp-json\/wp\/v2\/posts\/54506\/revisions"}],"predecessor-version":[{"id":54508,"href":"https:\/\/pinews.com.br\/index.php\/wp-json\/wp\/v2\/posts\/54506\/revisions\/54508"}],"wp:featuredmedia":[{"embeddable":true,"href":"https:\/\/pinews.com.br\/index.php\/wp-json\/wp\/v2\/media\/54507"}],"wp:attachment":[{"href":"https:\/\/pinews.com.br\/index.php\/wp-json\/wp\/v2\/media?parent=54506"}],"wp:term":[{"taxonomy":"category","embeddable":true,"href":"https:\/\/pinews.com.br\/index.php\/wp-json\/wp\/v2\/categories?post=54506"},{"taxonomy":"post_tag","embeddable":true,"href":"https:\/\/pinews.com.br\/index.php\/wp-json\/wp\/v2\/tags?post=54506"}],"curies":[{"name":"wp","href":"https:\/\/api.w.org\/{rel}","templated":true}]}}