{"id":54572,"date":"2023-12-04T18:15:02","date_gmt":"2023-12-04T21:15:02","guid":{"rendered":"https:\/\/pinews.com.br\/?p=54572"},"modified":"2023-12-04T18:15:05","modified_gmt":"2023-12-04T21:15:05","slug":"traficante-e-preso-com-cocaina-avaliada-em-r-125-mil-no-piaui","status":"publish","type":"post","link":"https:\/\/pinews.com.br\/index.php\/2023\/12\/04\/traficante-e-preso-com-cocaina-avaliada-em-r-125-mil-no-piaui\/","title":{"rendered":"Traficante \u00e9 preso com coca\u00edna avaliada em R$ 125 mil no Piau\u00ed"},"content":{"rendered":"\n<p>Um homem identificado apenas pelas iniciais J. D. F. do Nascimento, de 29 anos, foi preso nesta segunda-feira (04), acusado de tr\u00e1fico de drogas na localidade Oiti, no munic\u00edpio de Pimenteiras.<\/p>\n\n\n\n<p>Conforme informa\u00e7\u00f5es repassadas ao Meio Norte.com, pela Pol\u00edcia Militar do Piau\u00ed, com o homem os policiais apreenderam 1.718kg de coca\u00edna, tr\u00eas armas de fogo, e R$ 11 mil em esp\u00e9cie . A droga est\u00e1 avaliada em R$ 125 mil.<\/p>\n\n\n\n<p>Ainda de acordo com a PM-PI, a droga foi enviada de S\u00e3o Paulo para o Piau\u00ed e seria distribu\u00edda na regi\u00e3o Valenciana no per\u00edodo de Natal e Fim de Ano.<\/p>\n\n\n\n<p>Na casa do indiv\u00edduo, os policiais localizaram uma pistola ponto 40, roubada da Pol\u00edcia Militar de S\u00e3o Paulo, um rev\u00f3lver calibre .38 e uma espingarda.<\/p>\n\n\n\n<p>Ap\u00f3s a pris\u00e3o, o homem foi encaminhado para a Delegacia Regional de Valen\u00e7a. Agora, ele est\u00e1 \u00e0 disposi\u00e7\u00e3o da Justi\u00e7a.<\/p>\n\n\n\n<p><strong>Fonte: Meio Norte<\/strong><\/p>\n","protected":false},"excerpt":{"rendered":"<p>Um homem identificado apenas pelas iniciais J. D. F. do Nascimento, de 29 anos, foi preso nesta segunda-feira (04), acusado de tr\u00e1fico de drogas na localidade Oiti, no munic\u00edpio de Pimenteiras. Conforme informa\u00e7\u00f5es repassadas ao Meio Norte.com, pela Pol\u00edcia Militar do Piau\u00ed, com o homem os policiais apreenderam 1.718kg de coca\u00edna, tr\u00eas armas de fogo, [&hellip;]<\/p>\n","protected":false},"author":4,"featured_media":54573,"comment_status":"open","ping_status":"open","sticky":false,"template":"","format":"standard","meta":{"beyondwords_generate_audio":"1","beyondwords_project_id":"","beyondwords_podcast_id":"","beyondwords_hash":"","beyondwords_error_message":"","beyondwords_disabled":"","publish_post_to_speechkit":"","speechkit_generate_audio":"","speechkit_project_id":"","speechkit_podcast_id":"","speechkit_hash":"","speechkit_error_message":"","speechkit_disabled":"","speechkit_access_key":"","speechkit_error":"","speechkit_info":"","speechkit_response":"","speechkit_retries":"","_speechkit_link":"","_speechkit_text":""},"categories":[51,78],"tags":[588,5745,663,72,46,109,52,79,689],"jetpack_featured_media_url":"https:\/\/pinews.com.br\/wp-content\/uploads\/2023\/12\/traficante-e-preso-com-cocaina-avaliada-em-r-125-mil-no-piaui-8cf39736-41fb-4a9e-9bc5-57dc9a649cd3.webp","_links":{"self":[{"href":"https:\/\/pinews.com.br\/index.php\/wp-json\/wp\/v2\/posts\/54572"}],"collection":[{"href":"https:\/\/pinews.com.br\/index.php\/wp-json\/wp\/v2\/posts"}],"about":[{"href":"https:\/\/pinews.com.br\/index.php\/wp-json\/wp\/v2\/types\/post"}],"author":[{"embeddable":true,"href":"https:\/\/pinews.com.br\/index.php\/wp-json\/wp\/v2\/users\/4"}],"replies":[{"embeddable":true,"href":"https:\/\/pinews.com.br\/index.php\/wp-json\/wp\/v2\/comments?post=54572"}],"version-history":[{"count":1,"href":"https:\/\/pinews.com.br\/index.php\/wp-json\/wp\/v2\/posts\/54572\/revisions"}],"predecessor-version":[{"id":54574,"href":"https:\/\/pinews.com.br\/index.php\/wp-json\/wp\/v2\/posts\/54572\/revisions\/54574"}],"wp:featuredmedia":[{"embeddable":true,"href":"https:\/\/pinews.com.br\/index.php\/wp-json\/wp\/v2\/media\/54573"}],"wp:attachment":[{"href":"https:\/\/pinews.com.br\/index.php\/wp-json\/wp\/v2\/media?parent=54572"}],"wp:term":[{"taxonomy":"category","embeddable":true,"href":"https:\/\/pinews.com.br\/index.php\/wp-json\/wp\/v2\/categories?post=54572"},{"taxonomy":"post_tag","embeddable":true,"href":"https:\/\/pinews.com.br\/index.php\/wp-json\/wp\/v2\/tags?post=54572"}],"curies":[{"name":"wp","href":"https:\/\/api.w.org\/{rel}","templated":true}]}}