{"id":54619,"date":"2023-12-07T21:27:32","date_gmt":"2023-12-08T00:27:32","guid":{"rendered":"https:\/\/pinews.com.br\/?p=54619"},"modified":"2023-12-07T21:27:35","modified_gmt":"2023-12-08T00:27:35","slug":"casal-e-preso-suspeito-de-matar-ex-presidiario-a-facadas-dentro-de-casa-no-norte-do-piaui","status":"publish","type":"post","link":"https:\/\/pinews.com.br\/index.php\/2023\/12\/07\/casal-e-preso-suspeito-de-matar-ex-presidiario-a-facadas-dentro-de-casa-no-norte-do-piaui\/","title":{"rendered":"Casal \u00e9 preso suspeito de matar ex-presidi\u00e1rio a facadas dentro de casa, no Norte do Piau\u00ed"},"content":{"rendered":"\n<p>Jana\u00edna Luzia da Silva Ara\u00fajo, de 43 anos, e Paulo Gomes de Carvalho, de 52 anos, foram presos na tarde desta quinta-feira (7), no munic\u00edpio de\u00a0Jos\u00e9 de Freitas, Norte do Piau\u00ed,\u00a0suspeitos de matar o ex-presidi\u00e1rio Nelson Ribeiro Ferreira com quatro golpes de faca, em agosto deste ano,\u00a0no bairro Maravilha, centro da cidade de\u00a0Altos.<\/p>\n\n\n\n<p>De acordo com a Pol\u00edcia Civil, Nelson esteve com eles em um bar horas antes do assassinato, de onde os tr\u00eas sa\u00edram juntos. Ele foi encontrado morto a facadas em uma rua pr\u00f3ximo a uma casa que os suspeitos haviam alugado pouco tempo antes.<\/p>\n\n\n\n<p>O carro do casal foi encontrado com manchas de sangue, e arma usada para mat\u00e1-lo, uma faca, foi encontrada dentro da casa.<\/p>\n\n\n\n<blockquote class=\"wp-block-quote\">\n<p>&#8221;Dentro casa havia manchas de sangue e o objeto usado para a pr\u00e1tica do crime tamb\u00e9m foi encontrada no interior dessa resid\u00eancia. A faca tinha res\u00edduos de sangue, inclusive, vest\u00edgios presente ainda no carro do casal&#8221;, informou Yan Brayner, delegado da pol\u00edcia Civil.<\/p>\n<\/blockquote>\n\n\n\n<p>A v\u00edtima havia sido presa em dezembro de 2022, ap\u00f3s assalto a um com\u00e9rcio, e, estava em liberdade provis\u00f3ria desde mar\u00e7o de 2023, cinco meses antes do crime.<\/p>\n\n\n\n<p>J\u00e1 Paulo, o suspeito pelo crime, havia respondido a processos por homic\u00eddio e por les\u00e3o corporal grave.<\/p>\n\n\n\n<p><strong>Fonte: G1 PI <\/strong><\/p>\n","protected":false},"excerpt":{"rendered":"<p>Jana\u00edna Luzia da Silva Ara\u00fajo, de 43 anos, e Paulo Gomes de Carvalho, de 52 anos, foram presos na tarde desta quinta-feira (7), no munic\u00edpio de\u00a0Jos\u00e9 de Freitas, Norte do Piau\u00ed,\u00a0suspeitos de matar o ex-presidi\u00e1rio Nelson Ribeiro Ferreira com quatro golpes de faca, em agosto deste ano,\u00a0no bairro Maravilha, centro da cidade de\u00a0Altos. De acordo [&hellip;]<\/p>\n","protected":false},"author":4,"featured_media":54620,"comment_status":"open","ping_status":"open","sticky":false,"template":"","format":"standard","meta":{"beyondwords_generate_audio":"1","beyondwords_project_id":"","beyondwords_podcast_id":"","beyondwords_hash":"","beyondwords_error_message":"","beyondwords_disabled":"","publish_post_to_speechkit":"","speechkit_generate_audio":"","speechkit_project_id":"","speechkit_podcast_id":"","speechkit_hash":"","speechkit_error_message":"","speechkit_disabled":"","speechkit_access_key":"","speechkit_error":"","speechkit_info":"","speechkit_response":"","speechkit_retries":"","_speechkit_link":"","_speechkit_text":""},"categories":[51,78],"tags":[149,493,44,192,72,6935,479,85,337,52,79,130],"jetpack_featured_media_url":"https:\/\/pinews.com.br\/wp-content\/uploads\/2023\/12\/jarbas.jpeg","_links":{"self":[{"href":"https:\/\/pinews.com.br\/index.php\/wp-json\/wp\/v2\/posts\/54619"}],"collection":[{"href":"https:\/\/pinews.com.br\/index.php\/wp-json\/wp\/v2\/posts"}],"about":[{"href":"https:\/\/pinews.com.br\/index.php\/wp-json\/wp\/v2\/types\/post"}],"author":[{"embeddable":true,"href":"https:\/\/pinews.com.br\/index.php\/wp-json\/wp\/v2\/users\/4"}],"replies":[{"embeddable":true,"href":"https:\/\/pinews.com.br\/index.php\/wp-json\/wp\/v2\/comments?post=54619"}],"version-history":[{"count":1,"href":"https:\/\/pinews.com.br\/index.php\/wp-json\/wp\/v2\/posts\/54619\/revisions"}],"predecessor-version":[{"id":54621,"href":"https:\/\/pinews.com.br\/index.php\/wp-json\/wp\/v2\/posts\/54619\/revisions\/54621"}],"wp:featuredmedia":[{"embeddable":true,"href":"https:\/\/pinews.com.br\/index.php\/wp-json\/wp\/v2\/media\/54620"}],"wp:attachment":[{"href":"https:\/\/pinews.com.br\/index.php\/wp-json\/wp\/v2\/media?parent=54619"}],"wp:term":[{"taxonomy":"category","embeddable":true,"href":"https:\/\/pinews.com.br\/index.php\/wp-json\/wp\/v2\/categories?post=54619"},{"taxonomy":"post_tag","embeddable":true,"href":"https:\/\/pinews.com.br\/index.php\/wp-json\/wp\/v2\/tags?post=54619"}],"curies":[{"name":"wp","href":"https:\/\/api.w.org\/{rel}","templated":true}]}}