{"id":54824,"date":"2023-12-09T21:03:42","date_gmt":"2023-12-10T00:03:42","guid":{"rendered":"https:\/\/pinews.com.br\/?p=54824"},"modified":"2023-12-09T21:03:44","modified_gmt":"2023-12-10T00:03:44","slug":"primo-mata-o-outro-com-tiro-na-cabeca-apos-briga-por-som-alto-no-piaui-diz-delegado","status":"publish","type":"post","link":"https:\/\/pinews.com.br\/index.php\/2023\/12\/09\/primo-mata-o-outro-com-tiro-na-cabeca-apos-briga-por-som-alto-no-piaui-diz-delegado\/","title":{"rendered":"Primo mata o outro com tiro na cabe\u00e7a ap\u00f3s briga por som alto no Piau\u00ed, diz delegado"},"content":{"rendered":"\n<p>Ant\u00f4nio Alisson Santos Lima foi morto com um tiro na cabe\u00e7a, na manh\u00e3 deste s\u00e1bado (9), no Parque Jacinta, regi\u00e3o do bairro Santa Clara, Zona Sul de\u00a0Teresina. Segundo a Pol\u00edcia Civil, o principal suspeito seria primo da v\u00edtima.<\/p>\n\n\n\n<p>O coordenador do Departamento de Homic\u00eddios e de Prote\u00e7\u00e3o \u00e0 Pessoa (DHPP), Francisco Costa, o Bar\u00eatta, explicou que a briga familiar iniciou no dia anterior.<\/p>\n\n\n\n<p>&#8220;O pai da v\u00edtima discutiu com o pr\u00f3prio irm\u00e3o e o sobrinho ap\u00f3s ser proibido de colocar som alto na porta do com\u00e9rcio. Ao chegar em casa, o pai disse ao filho Ant\u00f4nio o que havia ocorrido&#8221;, informou.<\/p>\n\n\n\n<p>Na manh\u00e3 deste s\u00e1bado, Ant\u00f4nio Alisson foi at\u00e9 o com\u00e9rcio do primo e do tio tirar satisfa\u00e7\u00f5es, mas ao chegar ao local acabou sendo baleado na cabe\u00e7a. A v\u00edtima morreu ainda dentro do seu ve\u00edculo.<\/p>\n\n\n\n<p>O autor do disparo foi identificado e segue foragido. O caso \u00e9 investigado pelo DHPP.<\/p>\n\n\n\n<p><strong>Fonte: G1 PI <\/strong><\/p>\n","protected":false},"excerpt":{"rendered":"<p>Ant\u00f4nio Alisson Santos Lima foi morto com um tiro na cabe\u00e7a, na manh\u00e3 deste s\u00e1bado (9), no Parque Jacinta, regi\u00e3o do bairro Santa Clara, Zona Sul de\u00a0Teresina. Segundo a Pol\u00edcia Civil, o principal suspeito seria primo da v\u00edtima. O coordenador do Departamento de Homic\u00eddios e de Prote\u00e7\u00e3o \u00e0 Pessoa (DHPP), Francisco Costa, o Bar\u00eatta, explicou [&hellip;]<\/p>\n","protected":false},"author":4,"featured_media":54825,"comment_status":"open","ping_status":"open","sticky":false,"template":"","format":"standard","meta":{"beyondwords_generate_audio":"1","beyondwords_project_id":"","beyondwords_podcast_id":"","beyondwords_hash":"","beyondwords_error_message":"","beyondwords_disabled":"","publish_post_to_speechkit":"","speechkit_generate_audio":"","speechkit_project_id":"","speechkit_podcast_id":"","speechkit_hash":"","speechkit_error_message":"","speechkit_disabled":"","speechkit_access_key":"","speechkit_error":"","speechkit_info":"","speechkit_response":"","speechkit_retries":"","_speechkit_link":"","_speechkit_text":""},"categories":[51,78,81],"tags":[8434,70,251,750,599,683,49,91,1044,52,59,2138,6130,527],"jetpack_featured_media_url":"https:\/\/pinews.com.br\/wp-content\/uploads\/2023\/12\/homicidio.jpg","_links":{"self":[{"href":"https:\/\/pinews.com.br\/index.php\/wp-json\/wp\/v2\/posts\/54824"}],"collection":[{"href":"https:\/\/pinews.com.br\/index.php\/wp-json\/wp\/v2\/posts"}],"about":[{"href":"https:\/\/pinews.com.br\/index.php\/wp-json\/wp\/v2\/types\/post"}],"author":[{"embeddable":true,"href":"https:\/\/pinews.com.br\/index.php\/wp-json\/wp\/v2\/users\/4"}],"replies":[{"embeddable":true,"href":"https:\/\/pinews.com.br\/index.php\/wp-json\/wp\/v2\/comments?post=54824"}],"version-history":[{"count":1,"href":"https:\/\/pinews.com.br\/index.php\/wp-json\/wp\/v2\/posts\/54824\/revisions"}],"predecessor-version":[{"id":54826,"href":"https:\/\/pinews.com.br\/index.php\/wp-json\/wp\/v2\/posts\/54824\/revisions\/54826"}],"wp:featuredmedia":[{"embeddable":true,"href":"https:\/\/pinews.com.br\/index.php\/wp-json\/wp\/v2\/media\/54825"}],"wp:attachment":[{"href":"https:\/\/pinews.com.br\/index.php\/wp-json\/wp\/v2\/media?parent=54824"}],"wp:term":[{"taxonomy":"category","embeddable":true,"href":"https:\/\/pinews.com.br\/index.php\/wp-json\/wp\/v2\/categories?post=54824"},{"taxonomy":"post_tag","embeddable":true,"href":"https:\/\/pinews.com.br\/index.php\/wp-json\/wp\/v2\/tags?post=54824"}],"curies":[{"name":"wp","href":"https:\/\/api.w.org\/{rel}","templated":true}]}}