{"id":54915,"date":"2023-12-15T11:35:10","date_gmt":"2023-12-15T14:35:10","guid":{"rendered":"https:\/\/pinews.com.br\/?p=54915"},"modified":"2023-12-15T11:35:13","modified_gmt":"2023-12-15T14:35:13","slug":"idoso-e-preso-por-estuprar-sobrinha-adolescente-12-anos-apos-o-crime-no-piaui","status":"publish","type":"post","link":"https:\/\/pinews.com.br\/index.php\/2023\/12\/15\/idoso-e-preso-por-estuprar-sobrinha-adolescente-12-anos-apos-o-crime-no-piaui\/","title":{"rendered":"Idoso \u00e9 preso por estuprar sobrinha adolescente 12 anos ap\u00f3s o crime no Piau\u00ed"},"content":{"rendered":"\n<p>A Pol\u00edcia Civil do Piau\u00ed prendeu na manh\u00e3 desta sexta-feira (15) Manoel Gonzaga de Mesquita, de 63 anos de idade. Ele estava foragido ap\u00f3s senten\u00e7a de condena\u00e7\u00e3o pelo estupro de uma sobrinha, ocorrido h\u00e1 12 anos, em\u00a0Altos.<\/p>\n\n\n\n<p>A pris\u00e3o decorre de condena\u00e7\u00e3o transitada em julgada em processo que apurou o crime de estupro ocorrido em 2011 na Localidade Barrinha, Zona Rural da cidade.<\/p>\n\n\n\n<blockquote class=\"wp-block-quote\">\n<p>&#8220;A investiga\u00e7\u00e3o apurou que Manoel estuprou, mediante viol\u00eancia, uma sobrinha dele, na \u00e9poca com 17 anos de idade, no momento em que a jovem estava sozinha em sua casa ap\u00f3s chegar da escola&#8221;, informou a pol\u00edcia em nota.<\/p>\n<\/blockquote>\n\n\n\n<p>O mandado foi expedido recentemente e Diretoria de Opera\u00e7\u00f5es Policiais sob comando do Delegado Tales Gomes efetuou a pris\u00e3o na Localidade Barrinha, onde o crime ocorreu.<\/p>\n\n\n\n<p>Manoel vai ser transferido \u00e0 Penitenci\u00e1ria Irm\u00e3o Guido para cumprimento de senten\u00e7a de 9 anos de pris\u00e3o.<\/p>\n\n\n\n<p><strong>Fonte: G1 PI <\/strong><\/p>\n","protected":false},"excerpt":{"rendered":"<p>A Pol\u00edcia Civil do Piau\u00ed prendeu na manh\u00e3 desta sexta-feira (15) Manoel Gonzaga de Mesquita, de 63 anos de idade. Ele estava foragido ap\u00f3s senten\u00e7a de condena\u00e7\u00e3o pelo estupro de uma sobrinha, ocorrido h\u00e1 12 anos, em\u00a0Altos. A pris\u00e3o decorre de condena\u00e7\u00e3o transitada em julgada em processo que apurou o crime de estupro ocorrido em [&hellip;]<\/p>\n","protected":false},"author":4,"featured_media":54916,"comment_status":"open","ping_status":"open","sticky":false,"template":"","format":"standard","meta":{"beyondwords_generate_audio":"1","beyondwords_project_id":"","beyondwords_podcast_id":"","beyondwords_hash":"","beyondwords_error_message":"","beyondwords_disabled":"","publish_post_to_speechkit":"","speechkit_generate_audio":"","speechkit_project_id":"","speechkit_podcast_id":"","speechkit_hash":"","speechkit_error_message":"","speechkit_disabled":"","speechkit_access_key":"","speechkit_error":"","speechkit_info":"","speechkit_response":"","speechkit_retries":"","_speechkit_link":"","_speechkit_text":""},"categories":[51,78],"tags":[191,177,82,70,558,72,348,64,52,59,79,9736],"jetpack_featured_media_url":"https:\/\/pinews.com.br\/wp-content\/uploads\/2023\/12\/whatsapp-image-2023-12-15-at-08.20.57.jpeg","_links":{"self":[{"href":"https:\/\/pinews.com.br\/index.php\/wp-json\/wp\/v2\/posts\/54915"}],"collection":[{"href":"https:\/\/pinews.com.br\/index.php\/wp-json\/wp\/v2\/posts"}],"about":[{"href":"https:\/\/pinews.com.br\/index.php\/wp-json\/wp\/v2\/types\/post"}],"author":[{"embeddable":true,"href":"https:\/\/pinews.com.br\/index.php\/wp-json\/wp\/v2\/users\/4"}],"replies":[{"embeddable":true,"href":"https:\/\/pinews.com.br\/index.php\/wp-json\/wp\/v2\/comments?post=54915"}],"version-history":[{"count":1,"href":"https:\/\/pinews.com.br\/index.php\/wp-json\/wp\/v2\/posts\/54915\/revisions"}],"predecessor-version":[{"id":54917,"href":"https:\/\/pinews.com.br\/index.php\/wp-json\/wp\/v2\/posts\/54915\/revisions\/54917"}],"wp:featuredmedia":[{"embeddable":true,"href":"https:\/\/pinews.com.br\/index.php\/wp-json\/wp\/v2\/media\/54916"}],"wp:attachment":[{"href":"https:\/\/pinews.com.br\/index.php\/wp-json\/wp\/v2\/media?parent=54915"}],"wp:term":[{"taxonomy":"category","embeddable":true,"href":"https:\/\/pinews.com.br\/index.php\/wp-json\/wp\/v2\/categories?post=54915"},{"taxonomy":"post_tag","embeddable":true,"href":"https:\/\/pinews.com.br\/index.php\/wp-json\/wp\/v2\/tags?post=54915"}],"curies":[{"name":"wp","href":"https:\/\/api.w.org\/{rel}","templated":true}]}}