{"id":54963,"date":"2023-12-18T11:44:19","date_gmt":"2023-12-18T14:44:19","guid":{"rendered":"https:\/\/pinews.com.br\/?p=54963"},"modified":"2023-12-18T11:44:22","modified_gmt":"2023-12-18T14:44:22","slug":"motorista-dorme-ao-volante-e-onibus-clandestino-tomba-na-br-135-no-piaui-28-pessoas-ficaram-feridas","status":"publish","type":"post","link":"https:\/\/pinews.com.br\/index.php\/2023\/12\/18\/motorista-dorme-ao-volante-e-onibus-clandestino-tomba-na-br-135-no-piaui-28-pessoas-ficaram-feridas\/","title":{"rendered":"Motorista dorme ao volante e \u00f4nibus clandestino tomba na BR-135 no Piau\u00ed; 28 pessoas ficaram feridas"},"content":{"rendered":"\n<p>Um \u00f4nibus clandestino com v\u00e1rios passageiros saiu da pista e tombou na madrugada dessa segunda-feira (18) no munic\u00edpio de Bom Jesus, a 608 km de Teresina. Cerca de 28 pessoas ficaram feridas, sendo duas com les\u00f5es graves. O motorista teria dormido ao volante.<\/p>\n\n\n\n<p>A Pol\u00edcia Rodovi\u00e1ria Federal (PRF) informou que o acidente ocorreu por volta de 1h30, na BR-135, quando o ve\u00edculo seguia no sentido de Reden\u00e7\u00e3o do Gurgu\u00e9ia para Santa Luz.<\/p>\n\n\n\n<p>O \u00f4nibus acabou saindo da sua pista, invadiu o sentido contr\u00e1rio, tombou e logo depois colidiu em um poste. Com isso v\u00e1rias pessoas ficaram feridas.<\/p>\n\n\n\n<p>A PRF informou que o motorista do \u00f4nibus, um homem de 41 anos, teria dormido ao volante. Ele teve ferimentos leves.<\/p>\n\n\n\n<p>Cerca de 26 passageiros tiveram ferimentos leves, e outros dois tiveram les\u00f5es mais graves. Eles foram socorridos e encaminhados para uma Unidade de Pronto-Atendimento (UPA) em Bom Jesus.<\/p>\n\n\n\n<p>O motorista do \u00f4nibus fez teste de alcoolemia, que deu negativo para a ingest\u00e3o de \u00e1lcool.<\/p>\n\n\n\n<p><strong>Fonte: B\u00e1rbara Rodrigues\/ Cidade Verde <\/strong><\/p>\n","protected":false},"excerpt":{"rendered":"<p>Um \u00f4nibus clandestino com v\u00e1rios passageiros saiu da pista e tombou na madrugada dessa segunda-feira (18) no munic\u00edpio de Bom Jesus, a 608 km de Teresina. Cerca de 28 pessoas ficaram feridas, sendo duas com les\u00f5es graves. O motorista teria dormido ao volante. A Pol\u00edcia Rodovi\u00e1ria Federal (PRF) informou que o acidente ocorreu por volta [&hellip;]<\/p>\n","protected":false},"author":4,"featured_media":54964,"comment_status":"open","ping_status":"open","sticky":false,"template":"","format":"standard","meta":{"beyondwords_generate_audio":"1","beyondwords_project_id":"","beyondwords_podcast_id":"","beyondwords_hash":"","beyondwords_error_message":"","beyondwords_disabled":"","publish_post_to_speechkit":"","speechkit_generate_audio":"","speechkit_project_id":"","speechkit_podcast_id":"","speechkit_hash":"","speechkit_error_message":"","speechkit_disabled":"","speechkit_access_key":"","speechkit_error":"","speechkit_info":"","speechkit_response":"","speechkit_retries":"","_speechkit_link":"","_speechkit_text":""},"categories":[51],"tags":[938,132,224,9632,7176,257,10364,58,91,301,259,52,417,7177],"jetpack_featured_media_url":"https:\/\/pinews.com.br\/wp-content\/uploads\/2023\/12\/awkncwonci.jpg","_links":{"self":[{"href":"https:\/\/pinews.com.br\/index.php\/wp-json\/wp\/v2\/posts\/54963"}],"collection":[{"href":"https:\/\/pinews.com.br\/index.php\/wp-json\/wp\/v2\/posts"}],"about":[{"href":"https:\/\/pinews.com.br\/index.php\/wp-json\/wp\/v2\/types\/post"}],"author":[{"embeddable":true,"href":"https:\/\/pinews.com.br\/index.php\/wp-json\/wp\/v2\/users\/4"}],"replies":[{"embeddable":true,"href":"https:\/\/pinews.com.br\/index.php\/wp-json\/wp\/v2\/comments?post=54963"}],"version-history":[{"count":1,"href":"https:\/\/pinews.com.br\/index.php\/wp-json\/wp\/v2\/posts\/54963\/revisions"}],"predecessor-version":[{"id":54965,"href":"https:\/\/pinews.com.br\/index.php\/wp-json\/wp\/v2\/posts\/54963\/revisions\/54965"}],"wp:featuredmedia":[{"embeddable":true,"href":"https:\/\/pinews.com.br\/index.php\/wp-json\/wp\/v2\/media\/54964"}],"wp:attachment":[{"href":"https:\/\/pinews.com.br\/index.php\/wp-json\/wp\/v2\/media?parent=54963"}],"wp:term":[{"taxonomy":"category","embeddable":true,"href":"https:\/\/pinews.com.br\/index.php\/wp-json\/wp\/v2\/categories?post=54963"},{"taxonomy":"post_tag","embeddable":true,"href":"https:\/\/pinews.com.br\/index.php\/wp-json\/wp\/v2\/tags?post=54963"}],"curies":[{"name":"wp","href":"https:\/\/api.w.org\/{rel}","templated":true}]}}