{"id":55012,"date":"2023-12-21T20:50:46","date_gmt":"2023-12-21T23:50:46","guid":{"rendered":"https:\/\/pinews.com.br\/?p=55012"},"modified":"2023-12-21T20:50:48","modified_gmt":"2023-12-21T23:50:48","slug":"jovem-de-19-anos-tem-pescoco-cortado-ao-colidir-moto-contra-carro-no-piaui","status":"publish","type":"post","link":"https:\/\/pinews.com.br\/index.php\/2023\/12\/21\/jovem-de-19-anos-tem-pescoco-cortado-ao-colidir-moto-contra-carro-no-piaui\/","title":{"rendered":"Jovem de 19 anos tem pesco\u00e7o cortado ao colidir moto contra carro no Piau\u00ed"},"content":{"rendered":"\n<p>Michael Schumacher da Silva Santos, de 19 anos, cortou o pesco\u00e7o durante acidente de tr\u00e2nsito na Avenida Henry Wall de Carvalho, no bairro Parque Piau\u00ed, Zona Sul de\u00a0Teresina, na noite desta quarta-feira (20). Segundo a Pol\u00edcia Militar, um carro invadiu a preferencial e o jovem que estava na motocicleta colidiu com o ve\u00edculo.<\/p>\n\n\n\n<p>&#8220;Eu estava saindo do trabalho para acessar a avenida, mas um caminh\u00e3o estacionado impedia parte da minha vis\u00e3o. Quando achei que dava para passar, a moto bateu no meu carro, ele estava em alta velocidade, foi uma pancada muito forte&#8221;, afirmou Edmar Rodrigues, motorista do ve\u00edculo que invadiu a preferencial.<\/p>\n\n\n\n<p>Edmar teve apenas escoria\u00e7\u00f5es no rosto. Michael, que trabalha no bairro Tabuleta, tamb\u00e9m na Zona Sul, mora em\u00a0Naz\u00e1ria, a 29 km de\u00a0Teresina, e estava indo para casa no momento do acidente.<\/p>\n\n\n\n<p>Uma ambul\u00e2ncia do Servi\u00e7o de Atendimento M\u00f3vel de Urg\u00eancia (Samu) socorreu o jovem e o encaminhou para o Hospital de Urg\u00eancia de\u00a0Teresina\u00a0(HUT).<\/p>\n\n\n\n<p>Familiares da v\u00edtima informaram ao\u00a0g1\u00a0que o jovem n\u00e3o corre risco de morte. A Superintend\u00eancia Municipal de Transportes e Tr\u00e2nsito (Strans) apura as circunst\u00e2ncias do acidente.<\/p>\n\n\n\n<figure class=\"wp-block-image\"><img decoding=\"async\" src=\"https:\/\/s2-g1.glbimg.com\/KzfnaNGluP_2-0UdFUq-S5_SGxM=\/0x0:1600x901\/984x0\/smart\/filters:strip_icc()\/i.s3.glbimg.com\/v1\/AUTH_59edd422c0c84a879bd37670ae4f538a\/internal_photos\/bs\/2023\/z\/h\/L7xVMQTkOmniioyhxzhA\/whatsapp-image-2023-12-20-at-18.23.23-1-.jpeg\" alt=\"Jovem de 19 anos tem pesco\u00e7o cortado ap\u00f3s acidente de tr\u00e2nsito na Zona Sul de Teresina \u2014 Foto: L\u00edvia Ferreira\/g1 Piau\u00ed\"\/><figcaption class=\"wp-element-caption\">Jovem de 19 anos tem pesco\u00e7o cortado ap\u00f3s acidente de tr\u00e2nsito na Zona Sul de Teresina \u2014 Foto: L\u00edvia Ferreira\/g1 Piau\u00ed<\/figcaption><\/figure>\n\n\n\n<p><strong>Fonte: G1 PI <\/strong><\/p>\n","protected":false},"excerpt":{"rendered":"<p>Michael Schumacher da Silva Santos, de 19 anos, cortou o pesco\u00e7o durante acidente de tr\u00e2nsito na Avenida Henry Wall de Carvalho, no bairro Parque Piau\u00ed, Zona Sul de\u00a0Teresina, na noite desta quarta-feira (20). Segundo a Pol\u00edcia Militar, um carro invadiu a preferencial e o jovem que estava na motocicleta colidiu com o ve\u00edculo. &#8220;Eu estava [&hellip;]<\/p>\n","protected":false},"author":4,"featured_media":55013,"comment_status":"open","ping_status":"open","sticky":false,"template":"","format":"standard","meta":{"beyondwords_generate_audio":"1","beyondwords_project_id":"","beyondwords_podcast_id":"","beyondwords_hash":"","beyondwords_error_message":"","beyondwords_disabled":"","publish_post_to_speechkit":"","speechkit_generate_audio":"","speechkit_project_id":"","speechkit_podcast_id":"","speechkit_hash":"","speechkit_error_message":"","speechkit_disabled":"","speechkit_access_key":"","speechkit_error":"","speechkit_info":"","speechkit_response":"","speechkit_retries":"","_speechkit_link":"","_speechkit_text":""},"categories":[51,81],"tags":[639,82,132,62,300,294,11997,44,266,304,1399,52,60],"jetpack_featured_media_url":"https:\/\/pinews.com.br\/wp-content\/uploads\/2023\/12\/whatsapp-image-2023-12-20-at-18.22.50.jpeg","_links":{"self":[{"href":"https:\/\/pinews.com.br\/index.php\/wp-json\/wp\/v2\/posts\/55012"}],"collection":[{"href":"https:\/\/pinews.com.br\/index.php\/wp-json\/wp\/v2\/posts"}],"about":[{"href":"https:\/\/pinews.com.br\/index.php\/wp-json\/wp\/v2\/types\/post"}],"author":[{"embeddable":true,"href":"https:\/\/pinews.com.br\/index.php\/wp-json\/wp\/v2\/users\/4"}],"replies":[{"embeddable":true,"href":"https:\/\/pinews.com.br\/index.php\/wp-json\/wp\/v2\/comments?post=55012"}],"version-history":[{"count":1,"href":"https:\/\/pinews.com.br\/index.php\/wp-json\/wp\/v2\/posts\/55012\/revisions"}],"predecessor-version":[{"id":55014,"href":"https:\/\/pinews.com.br\/index.php\/wp-json\/wp\/v2\/posts\/55012\/revisions\/55014"}],"wp:featuredmedia":[{"embeddable":true,"href":"https:\/\/pinews.com.br\/index.php\/wp-json\/wp\/v2\/media\/55013"}],"wp:attachment":[{"href":"https:\/\/pinews.com.br\/index.php\/wp-json\/wp\/v2\/media?parent=55012"}],"wp:term":[{"taxonomy":"category","embeddable":true,"href":"https:\/\/pinews.com.br\/index.php\/wp-json\/wp\/v2\/categories?post=55012"},{"taxonomy":"post_tag","embeddable":true,"href":"https:\/\/pinews.com.br\/index.php\/wp-json\/wp\/v2\/tags?post=55012"}],"curies":[{"name":"wp","href":"https:\/\/api.w.org\/{rel}","templated":true}]}}