{"id":55033,"date":"2023-12-22T20:32:45","date_gmt":"2023-12-22T23:32:45","guid":{"rendered":"https:\/\/pinews.com.br\/?p=55033"},"modified":"2023-12-22T20:32:47","modified_gmt":"2023-12-22T23:32:47","slug":"no-piaui-mulher-e-presa-por-suspeita-de-matar-o-esposo-a-facadas-na-vespera-de-seu-aniversario","status":"publish","type":"post","link":"https:\/\/pinews.com.br\/index.php\/2023\/12\/22\/no-piaui-mulher-e-presa-por-suspeita-de-matar-o-esposo-a-facadas-na-vespera-de-seu-aniversario\/","title":{"rendered":"No Piau\u00ed, mulher \u00e9 presa por suspeita de matar o esposo a facadas na v\u00e9spera de seu anivers\u00e1rio"},"content":{"rendered":"\n<p>desta quinta-feira (21\/12) sob suspeita de assassinar seu companheiro, Salvador Vieira da Silva, de 52 anos, a facadas no bairro Cajueiro II, no munic\u00edpio de Floriano, Sul do Piau\u00ed.<\/p>\n\n\n\n<p>O homic\u00eddio ocorreu por volta das 12 horas, dentro da resid\u00eancia do casal. A Pol\u00edcia Militar recebeu a notifica\u00e7\u00e3o do crime e, ao chegar ao local, encontrou Salvador sem vida. Jaqueline, a mulher, foi localizada fora da casa e detida em flagrante.<\/p>\n\n\n\n<p>A faca utilizada no crime foi encontrada nas proximidades por equipes policiais, com aux\u00edlio de um morador local. Informa\u00e7\u00f5es de familiares indicam que o casal mantinha um relacionamento tumultuado, marcado por discuss\u00f5es e brigas. Salvador completaria 53 anos nesta sexta-feira (22\/12).<\/p>\n\n\n\n<p>A suspeita foi conduzida \u00e0 delegacia de Pol\u00edcia Civil de Floriano para os devidos procedimentos legais.<\/p>\n\n\n\n<p><strong>Fonte: 180 graus<\/strong><\/p>\n","protected":false},"excerpt":{"rendered":"<p>desta quinta-feira (21\/12) sob suspeita de assassinar seu companheiro, Salvador Vieira da Silva, de 52 anos, a facadas no bairro Cajueiro II, no munic\u00edpio de Floriano, Sul do Piau\u00ed. O homic\u00eddio ocorreu por volta das 12 horas, dentro da resid\u00eancia do casal. A Pol\u00edcia Militar recebeu a notifica\u00e7\u00e3o do crime e, ao chegar ao local, [&hellip;]<\/p>\n","protected":false},"author":4,"featured_media":55034,"comment_status":"open","ping_status":"open","sticky":false,"template":"","format":"standard","meta":{"beyondwords_generate_audio":"1","beyondwords_project_id":"","beyondwords_podcast_id":"","beyondwords_hash":"","beyondwords_error_message":"","beyondwords_disabled":"","publish_post_to_speechkit":"","speechkit_generate_audio":"","speechkit_project_id":"","speechkit_podcast_id":"","speechkit_hash":"","speechkit_error_message":"","speechkit_disabled":"","speechkit_access_key":"","speechkit_error":"","speechkit_info":"","speechkit_response":"","speechkit_retries":"","_speechkit_link":"","_speechkit_text":""},"categories":[51,78],"tags":[6657,44,72,10289,479,85,135,91,52,59,314,1036,473,7071],"jetpack_featured_media_url":"https:\/\/pinews.com.br\/wp-content\/uploads\/2023\/12\/1_-2540705199724344752.jpg","_links":{"self":[{"href":"https:\/\/pinews.com.br\/index.php\/wp-json\/wp\/v2\/posts\/55033"}],"collection":[{"href":"https:\/\/pinews.com.br\/index.php\/wp-json\/wp\/v2\/posts"}],"about":[{"href":"https:\/\/pinews.com.br\/index.php\/wp-json\/wp\/v2\/types\/post"}],"author":[{"embeddable":true,"href":"https:\/\/pinews.com.br\/index.php\/wp-json\/wp\/v2\/users\/4"}],"replies":[{"embeddable":true,"href":"https:\/\/pinews.com.br\/index.php\/wp-json\/wp\/v2\/comments?post=55033"}],"version-history":[{"count":1,"href":"https:\/\/pinews.com.br\/index.php\/wp-json\/wp\/v2\/posts\/55033\/revisions"}],"predecessor-version":[{"id":55035,"href":"https:\/\/pinews.com.br\/index.php\/wp-json\/wp\/v2\/posts\/55033\/revisions\/55035"}],"wp:featuredmedia":[{"embeddable":true,"href":"https:\/\/pinews.com.br\/index.php\/wp-json\/wp\/v2\/media\/55034"}],"wp:attachment":[{"href":"https:\/\/pinews.com.br\/index.php\/wp-json\/wp\/v2\/media?parent=55033"}],"wp:term":[{"taxonomy":"category","embeddable":true,"href":"https:\/\/pinews.com.br\/index.php\/wp-json\/wp\/v2\/categories?post=55033"},{"taxonomy":"post_tag","embeddable":true,"href":"https:\/\/pinews.com.br\/index.php\/wp-json\/wp\/v2\/tags?post=55033"}],"curies":[{"name":"wp","href":"https:\/\/api.w.org\/{rel}","templated":true}]}}